{"id":384,"date":"2026-03-30T10:00:00","date_gmt":"2026-03-30T10:00:00","guid":{"rendered":"https:\/\/blog.oneill.cl\/wordpress\/?p=384"},"modified":"2026-03-17T12:48:03","modified_gmt":"2026-03-17T12:48:03","slug":"guia-completa-para-elegir-el-poleron-ideal","status":"publish","type":"post","link":"https:\/\/blog.oneill.cl\/wordpress\/index.php\/2026\/03\/30\/guia-completa-para-elegir-el-poleron-ideal\/","title":{"rendered":"\u00bfC\u00f3mo elegir el poler\u00f3n ideal?"},"content":{"rendered":"\n<p>Si est\u00e1s buscando el <a href=\"https:\/\/www.oneill.cl\/hombre\/polerones\">poler\u00f3n<\/a> ideal para acompa\u00f1arte en tu d\u00eda a d\u00eda, hay varios aspectos que vale la pena considerar. M\u00e1s que una simple prenda de abrigo, un poler\u00f3n representa comodidad, estilo y versatilidad.<\/p>\n\n\n\n<p>En <strong>O\u2019Neill<\/strong> entendemos que cada prenda debe adaptarse a un estilo de vida activo y conectado con la naturaleza. Ya sea despu\u00e9s de una sesi\u00f3n de surf, durante un viaje a la monta\u00f1a o en la rutina urbana, elegir el poler\u00f3n adecuado puede marcar la diferencia entre una prenda com\u00fan y una que realmente te acompa\u00f1e en cada aventura.<\/p>\n\n\n\n<h2 class=\"wp-block-heading\">\u00bfQu\u00e9 es un poler\u00f3n y por qu\u00e9 es importante elegirlo bien?<\/h2>\n\n\n\n<p>Un poler\u00f3n es una <strong>prenda de abrigo vers\u00e1til <\/strong>que se ha convertido en un b\u00e1sico del streetwear y del estilo surf. Puede tener diferentes formatos, como modelos con capucha, con cierre o tejidos t\u00e9cnicos dise\u00f1ados para climas fr\u00edos.<\/p>\n\n\n\n<p>Elegir un buen poler\u00f3n implica considerar factores como:<\/p>\n\n\n\n<ul class=\"wp-block-list\">\n<li>Calidad de los materiales<\/li>\n\n\n\n<li>Comodidad y calce<\/li>\n\n\n\n<li>Versatilidad para distintos contextos<\/li>\n\n\n\n<li>Durabilidad a lo largo del tiempo<\/li>\n<\/ul>\n\n\n\n<p>Cuando una prenda combina estos elementos, no solo cumple una funci\u00f3n pr\u00e1ctica, sino que tambi\u00e9n refleja una identidad y un estilo de vida ligado al outdoor.<\/p>\n\n\n\n<h2 class=\"wp-block-heading\">Tipos de polerones para distintas aventuras<\/h2>\n\n\n\n<p>Dependiendo del clima, la actividad y el estilo personal, existen distintos <strong>tipos de polerones <\/strong>que pueden adaptarse a cada necesidad.<\/p>\n\n\n\n<ul class=\"wp-block-list\">\n<li><strong>Poler\u00f3n con capucha (hoodie)<\/strong>: uno de los modelos m\u00e1s populares del streetwear surf. Ofrece abrigo adicional y protecci\u00f3n contra el viento, siendo ideal para d\u00edas frescos en la costa o despu\u00e9s de una sesi\u00f3n de surf. En O\u2019Neill, el <a href=\"https:\/\/www.oneill.cl\/poleron-rutile-hoodie-ii-azul-claro\/p?skuId=20853\">poler\u00f3n hoodie Rutile en azul claro para hombre<\/a> es uno de los m\u00e1s elegidos.<\/li>\n\n\n\n<li><strong>Poler\u00f3n chiporro: <\/strong>ideal para los d\u00edas m\u00e1s fr\u00edos, gracias a su confecci\u00f3n que aporta mayor abrigo y una sensaci\u00f3n suave al contacto con la piel. El <a href=\"https:\/\/www.oneill.cl\/poleron-chiporro-colton-hz-ii-cafe\/p?skuId=21019\">poler\u00f3n chiporro<\/a> es los m\u00e1s elegidos para escapadas a la monta\u00f1a, tardes de invierno o para mantener el calor despu\u00e9s de actividades al aire libre.<\/li>\n\n\n\n<li><strong>Poler\u00f3n polar: <\/strong>un dise\u00f1o simple y atemporal que funciona perfectamente para looks casuales y para usar en capas durante el oto\u00f1o o invierno.<\/li>\n\n\n\n<li><strong>Poler\u00f3n oversize:<\/strong> una silueta relajada que refleja la influencia del surf lifestyle en la moda urbana. Su calce amplio aporta comodidad y una est\u00e9tica moderna.<\/li>\n<\/ul>\n\n\n\n<h2 class=\"wp-block-heading\">C\u00f3mo elegir un poler\u00f3n seg\u00fan tu estilo y necesidades<\/h2>\n\n\n\n<p>Al elegir un poler\u00f3n, ya sea para hombre o mujer, es importante considerar el contexto en el que lo vas a usar.<\/p>\n\n\n\n<ul class=\"wp-block-list\">\n<li><strong>Para actividades outdoor:<\/strong> opta por polerones con materiales resistentes y t\u00e9rmicos que mantengan el calor sin limitar la movilidad.<\/li>\n\n\n\n<li><strong>Para un estilo urbano con inspiraci\u00f3n surf: <\/strong>busca dise\u00f1os con identidad, gr\u00e1ficos cl\u00e1sicos o colores inspirados en el oc\u00e9ano y la naturaleza.<\/li>\n\n\n\n<li><strong>Para uso diario:<\/strong> prioriza prendas c\u00f3modas, duraderas y f\u00e1ciles de combinar con distintas piezas de tu cl\u00f3set.<\/li>\n<\/ul>\n\n\n\n<p>Las <a href=\"https:\/\/www.oneill.cl\/499?map=productClusterIdS\">nuevas colecciones de polerones O\u2019Neill<\/a> est\u00e1n pensadas justamente para ese equilibrio entre funcionalidad y estilo.<\/p>\n\n\n\n<p>Tambi\u00e9n te puede interesar leer: <a href=\"https:\/\/www.oneill.cl\/blog\/poleron-gris-clasico-moderno\">Cl\u00e1sico y moderno: descubre c\u00f3mo lucir un poler\u00f3n gris con estilo<\/a>.<\/p>\n\n\n\n<h2 class=\"wp-block-heading\">Por qu\u00e9 elegir O\u2019Neill: calidad y dise\u00f1o<\/h2>\n\n\n\n<p>Elegir un poler\u00f3n O\u2019Neill significa optar por una prenda con historia. Nuestra marca rescata lo mejor de la herencia del surf y la reinterpreta en prendas que combinan est\u00e9tica, calidad de materiales y versatilidad.<\/p>\n\n\n\n<p>A diferencia de la moda r\u00e1pida, nuestras prendas est\u00e1n dise\u00f1adas para durar y acompa\u00f1arte en distintas etapas de tu vida.<\/p>\n\n\n\n<p>Visita nuestra <a href=\"https:\/\/www.oneill.cl\/499?map=productClusterIdS\">nueva colecci\u00f3n de polerones<\/a> y encuentra tu pr\u00f3xima prenda.<\/p>\n\n\n\n<h2 class=\"wp-block-heading\">FAQS<\/h2>\n\n\n\n<h3 class=\"wp-block-heading\">\u00bfCu\u00e1l es la diferencia entre un poler\u00f3n con capucha y uno sin capucha?<\/h3>\n\n\n\n<p>El poler\u00f3n con capucha ofrece mayor protecci\u00f3n contra el viento y el fr\u00edo, mientras que los modelos sin capucha suelen ser m\u00e1s simples y funcionan mejor para usar en capas.<\/p>\n\n\n\n<h3 class=\"wp-block-heading\">\u00bfSe pueden usar polerones O\u2019Neill en climas fr\u00edos?<\/h3>\n\n\n\n<p>S\u00ed. Muchos polerones O\u2019Neill est\u00e1n dise\u00f1ados con materiales especiales para mantener el calor y pueden combinarse con otras prendas para mayor protecci\u00f3n en temperaturas bajas.<\/p>\n\n\n\n<h3 class=\"wp-block-heading\">\u00bfC\u00f3mo combinar un poler\u00f3n para un look surf lifestyle?<\/h3>\n\n\n\n<p>Puedes combinarlo con jeans, pantalones cargo o shorts, adem\u00e1s de zapatillas o botas outdoor. Los accesorios como jockeys o mochilas ayudan a reforzar el estilo surf.<\/p>\n\n\n\n<h3 class=\"wp-block-heading\">\u00bfC\u00f3mo cuidar un poler\u00f3n para que dure m\u00e1s tiempo?<\/h3>\n\n\n\n<p>Se recomienda lavar con agua fr\u00eda, evitar el uso de blanqueadores y secar a la sombra para conservar el color y la forma de la prenda.<\/p>\n\n\n\n<h3 class=\"wp-block-heading\">\u00bfPor qu\u00e9 elegir un poler\u00f3n O\u2019Neill frente a otras marcas?<\/h3>\n\n\n\n<p>Porque combina herencia surf, innovaci\u00f3n en materiales y dise\u00f1o aut\u00e9ntico inspirado en el oc\u00e9ano y la cultura outdoor.<\/p>\n","protected":false},"excerpt":{"rendered":"<p>Si est\u00e1s buscando el poler\u00f3n ideal para acompa\u00f1arte en tu d\u00eda a d\u00eda, hay varios aspectos que vale la pena considerar. M\u00e1s que una simple prenda de abrigo, un poler\u00f3n representa comodidad, estilo y versatilidad. En O\u2019Neill entendemos que cada prenda debe adaptarse a un estilo de vida activo y conectado con la naturaleza. Ya [&hellip;]<\/p>\n","protected":false},"author":1,"featured_media":385,"comment_status":"open","ping_status":"closed","sticky":false,"template":"","format":"standard","meta":{"footnotes":""},"categories":[59],"tags":[21],"class_list":["post-384","post","type-post","status-publish","format-standard","has-post-thumbnail","hentry","category-ropa","tag-poleron"],"yoast_head":"<!-- This site is optimized with the Yoast SEO plugin v27.5 - https:\/\/yoast.com\/product\/yoast-seo-wordpress\/ -->\n<title>Gu\u00eda completa para elegir el poler\u00f3n ideal<\/title>\n<meta name=\"description\" content=\"Descubre c\u00f3mo elegir el poler\u00f3n ideal seg\u00fan estilo, clima y uso. Gu\u00eda O\u2019Neill con consejos para encontrar el poler\u00f3n perfecto para ciudad, surf y outdoor.\" \/>\n<meta name=\"robots\" content=\"index, follow, max-snippet:-1, max-image-preview:large, max-video-preview:-1\" \/>\n<link rel=\"canonical\" href=\"https:\/\/blog.oneill.cl\/wordpress\/index.php\/2026\/03\/30\/guia-completa-para-elegir-el-poleron-ideal\/\" \/>\n<meta property=\"og:locale\" content=\"es_ES\" \/>\n<meta property=\"og:type\" content=\"article\" \/>\n<meta property=\"og:title\" content=\"Gu\u00eda completa para elegir el poler\u00f3n ideal\" \/>\n<meta property=\"og:description\" content=\"Descubre c\u00f3mo elegir el poler\u00f3n ideal seg\u00fan estilo, clima y uso. Gu\u00eda O\u2019Neill con consejos para encontrar el poler\u00f3n perfecto para ciudad, surf y outdoor.\" \/>\n<meta property=\"og:url\" content=\"https:\/\/blog.oneill.cl\/wordpress\/index.php\/2026\/03\/30\/guia-completa-para-elegir-el-poleron-ideal\/\" \/>\n<meta property=\"og:site_name\" content=\"ONeill Bog\" \/>\n<meta property=\"article:publisher\" content=\"https:\/\/www.facebook.com\/OneillChile\/\" \/>\n<meta property=\"article:published_time\" content=\"2026-03-30T10:00:00+00:00\" \/>\n<meta property=\"og:image\" content=\"https:\/\/blog.oneill.cl\/wordpress\/wp-content\/uploads\/2026\/03\/guia-completa-para-elegir-el-poleron-ideal-scaled.webp\" \/>\n\t<meta property=\"og:image:width\" content=\"2560\" \/>\n\t<meta property=\"og:image:height\" content=\"1707\" \/>\n\t<meta property=\"og:image:type\" content=\"image\/webp\" \/>\n<meta name=\"author\" content=\"admin\" \/>\n<meta name=\"twitter:card\" content=\"summary_large_image\" \/>\n<meta name=\"twitter:label1\" content=\"Escrito por\" \/>\n\t<meta name=\"twitter:data1\" content=\"admin\" \/>\n\t<meta name=\"twitter:label2\" content=\"Tiempo de lectura\" \/>\n\t<meta name=\"twitter:data2\" content=\"4 minutos\" \/>\n<script type=\"application\/ld+json\" class=\"yoast-schema-graph\">{\"@context\":\"https:\\\/\\\/schema.org\",\"@graph\":[{\"@type\":\"Article\",\"@id\":\"https:\\\/\\\/blog.oneill.cl\\\/wordpress\\\/index.php\\\/2026\\\/03\\\/30\\\/guia-completa-para-elegir-el-poleron-ideal\\\/#article\",\"isPartOf\":{\"@id\":\"https:\\\/\\\/blog.oneill.cl\\\/wordpress\\\/index.php\\\/2026\\\/03\\\/30\\\/guia-completa-para-elegir-el-poleron-ideal\\\/\"},\"author\":{\"name\":\"admin\",\"@id\":\"https:\\\/\\\/blog.oneill.cl\\\/wordpress\\\/#\\\/schema\\\/person\\\/eb24d11a498a2f5b3069031f49f2de1a\"},\"headline\":\"\u00bfC\u00f3mo elegir el poler\u00f3n ideal?\",\"datePublished\":\"2026-03-30T10:00:00+00:00\",\"mainEntityOfPage\":{\"@id\":\"https:\\\/\\\/blog.oneill.cl\\\/wordpress\\\/index.php\\\/2026\\\/03\\\/30\\\/guia-completa-para-elegir-el-poleron-ideal\\\/\"},\"wordCount\":851,\"commentCount\":0,\"publisher\":{\"@id\":\"https:\\\/\\\/blog.oneill.cl\\\/wordpress\\\/#organization\"},\"image\":{\"@id\":\"https:\\\/\\\/blog.oneill.cl\\\/wordpress\\\/index.php\\\/2026\\\/03\\\/30\\\/guia-completa-para-elegir-el-poleron-ideal\\\/#primaryimage\"},\"thumbnailUrl\":\"https:\\\/\\\/blog.oneill.cl\\\/wordpress\\\/wp-content\\\/uploads\\\/2026\\\/03\\\/guia-completa-para-elegir-el-poleron-ideal-scaled.webp\",\"keywords\":[\"poler\u00f3n\"],\"articleSection\":[\"Ropa\"],\"inLanguage\":\"es\",\"potentialAction\":[{\"@type\":\"CommentAction\",\"name\":\"Comment\",\"target\":[\"https:\\\/\\\/blog.oneill.cl\\\/wordpress\\\/index.php\\\/2026\\\/03\\\/30\\\/guia-completa-para-elegir-el-poleron-ideal\\\/#respond\"]}]},{\"@type\":\"WebPage\",\"@id\":\"https:\\\/\\\/blog.oneill.cl\\\/wordpress\\\/index.php\\\/2026\\\/03\\\/30\\\/guia-completa-para-elegir-el-poleron-ideal\\\/\",\"url\":\"https:\\\/\\\/blog.oneill.cl\\\/wordpress\\\/index.php\\\/2026\\\/03\\\/30\\\/guia-completa-para-elegir-el-poleron-ideal\\\/\",\"name\":\"Gu\u00eda completa para elegir el poler\u00f3n ideal\",\"isPartOf\":{\"@id\":\"https:\\\/\\\/blog.oneill.cl\\\/wordpress\\\/#website\"},\"primaryImageOfPage\":{\"@id\":\"https:\\\/\\\/blog.oneill.cl\\\/wordpress\\\/index.php\\\/2026\\\/03\\\/30\\\/guia-completa-para-elegir-el-poleron-ideal\\\/#primaryimage\"},\"image\":{\"@id\":\"https:\\\/\\\/blog.oneill.cl\\\/wordpress\\\/index.php\\\/2026\\\/03\\\/30\\\/guia-completa-para-elegir-el-poleron-ideal\\\/#primaryimage\"},\"thumbnailUrl\":\"https:\\\/\\\/blog.oneill.cl\\\/wordpress\\\/wp-content\\\/uploads\\\/2026\\\/03\\\/guia-completa-para-elegir-el-poleron-ideal-scaled.webp\",\"datePublished\":\"2026-03-30T10:00:00+00:00\",\"description\":\"Descubre c\u00f3mo elegir el poler\u00f3n ideal seg\u00fan estilo, clima y uso. Gu\u00eda O\u2019Neill con consejos para encontrar el poler\u00f3n perfecto para ciudad, surf y outdoor.\",\"breadcrumb\":{\"@id\":\"https:\\\/\\\/blog.oneill.cl\\\/wordpress\\\/index.php\\\/2026\\\/03\\\/30\\\/guia-completa-para-elegir-el-poleron-ideal\\\/#breadcrumb\"},\"inLanguage\":\"es\",\"potentialAction\":[{\"@type\":\"ReadAction\",\"target\":[\"https:\\\/\\\/blog.oneill.cl\\\/wordpress\\\/index.php\\\/2026\\\/03\\\/30\\\/guia-completa-para-elegir-el-poleron-ideal\\\/\"]}]},{\"@type\":\"ImageObject\",\"inLanguage\":\"es\",\"@id\":\"https:\\\/\\\/blog.oneill.cl\\\/wordpress\\\/index.php\\\/2026\\\/03\\\/30\\\/guia-completa-para-elegir-el-poleron-ideal\\\/#primaryimage\",\"url\":\"https:\\\/\\\/blog.oneill.cl\\\/wordpress\\\/wp-content\\\/uploads\\\/2026\\\/03\\\/guia-completa-para-elegir-el-poleron-ideal-scaled.webp\",\"contentUrl\":\"https:\\\/\\\/blog.oneill.cl\\\/wordpress\\\/wp-content\\\/uploads\\\/2026\\\/03\\\/guia-completa-para-elegir-el-poleron-ideal-scaled.webp\",\"width\":2560,\"height\":1707,\"caption\":\"\u00bfC\u00f3mo elegir el poler\u00f3n ideal?\"},{\"@type\":\"BreadcrumbList\",\"@id\":\"https:\\\/\\\/blog.oneill.cl\\\/wordpress\\\/index.php\\\/2026\\\/03\\\/30\\\/guia-completa-para-elegir-el-poleron-ideal\\\/#breadcrumb\",\"itemListElement\":[{\"@type\":\"ListItem\",\"position\":1,\"name\":\"Portada\",\"item\":\"https:\\\/\\\/blog.oneill.cl\\\/wordpress\\\/\"},{\"@type\":\"ListItem\",\"position\":2,\"name\":\"\u00bfC\u00f3mo elegir el poler\u00f3n ideal?\"}]},{\"@type\":\"WebSite\",\"@id\":\"https:\\\/\\\/blog.oneill.cl\\\/wordpress\\\/#website\",\"url\":\"https:\\\/\\\/blog.oneill.cl\\\/wordpress\\\/\",\"name\":\"O'Neill Blog\",\"description\":\"\",\"publisher\":{\"@id\":\"https:\\\/\\\/blog.oneill.cl\\\/wordpress\\\/#organization\"},\"potentialAction\":[{\"@type\":\"SearchAction\",\"target\":{\"@type\":\"EntryPoint\",\"urlTemplate\":\"https:\\\/\\\/blog.oneill.cl\\\/wordpress\\\/?s={search_term_string}\"},\"query-input\":{\"@type\":\"PropertyValueSpecification\",\"valueRequired\":true,\"valueName\":\"search_term_string\"}}],\"inLanguage\":\"es\"},{\"@type\":\"Organization\",\"@id\":\"https:\\\/\\\/blog.oneill.cl\\\/wordpress\\\/#organization\",\"name\":\"O'Neill\",\"url\":\"https:\\\/\\\/blog.oneill.cl\\\/wordpress\\\/\",\"logo\":{\"@type\":\"ImageObject\",\"inLanguage\":\"es\",\"@id\":\"https:\\\/\\\/blog.oneill.cl\\\/wordpress\\\/#\\\/schema\\\/logo\\\/image\\\/\",\"url\":\"https:\\\/\\\/blog.oneill.cl\\\/wordpress\\\/wp-content\\\/uploads\\\/2024\\\/12\\\/logo.png\",\"contentUrl\":\"https:\\\/\\\/blog.oneill.cl\\\/wordpress\\\/wp-content\\\/uploads\\\/2024\\\/12\\\/logo.png\",\"width\":1531,\"height\":531,\"caption\":\"O'Neill\"},\"image\":{\"@id\":\"https:\\\/\\\/blog.oneill.cl\\\/wordpress\\\/#\\\/schema\\\/logo\\\/image\\\/\"},\"sameAs\":[\"https:\\\/\\\/www.facebook.com\\\/OneillChile\\\/\",\"https:\\\/\\\/www.instagram.com\\\/oneillchile\\\/\",\"https:\\\/\\\/www.youtube.com\\\/channel\\\/UCKtNAb6a5iL27gvOQ7woRfQ\"]},{\"@type\":\"Person\",\"@id\":\"https:\\\/\\\/blog.oneill.cl\\\/wordpress\\\/#\\\/schema\\\/person\\\/eb24d11a498a2f5b3069031f49f2de1a\",\"name\":\"admin\",\"image\":{\"@type\":\"ImageObject\",\"inLanguage\":\"es\",\"@id\":\"https:\\\/\\\/secure.gravatar.com\\\/avatar\\\/a42132fa82aa79bc079fbe09df7ec0048a6695a6d6da23b1635998541170df78?s=96&d=mm&r=g\",\"url\":\"https:\\\/\\\/secure.gravatar.com\\\/avatar\\\/a42132fa82aa79bc079fbe09df7ec0048a6695a6d6da23b1635998541170df78?s=96&d=mm&r=g\",\"contentUrl\":\"https:\\\/\\\/secure.gravatar.com\\\/avatar\\\/a42132fa82aa79bc079fbe09df7ec0048a6695a6d6da23b1635998541170df78?s=96&d=mm&r=g\",\"caption\":\"admin\"},\"sameAs\":[\"https:\\\/\\\/blog.oneill.cl\\\/wordpress\"],\"url\":\"https:\\\/\\\/blog.oneill.cl\\\/wordpress\\\/index.php\\\/author\\\/known\\\/\"}]}<\/script>\n<!-- \/ Yoast SEO plugin. -->","yoast_head_json":{"title":"Gu\u00eda completa para elegir el poler\u00f3n ideal","description":"Descubre c\u00f3mo elegir el poler\u00f3n ideal seg\u00fan estilo, clima y uso. Gu\u00eda O\u2019Neill con consejos para encontrar el poler\u00f3n perfecto para ciudad, surf y outdoor.","robots":{"index":"index","follow":"follow","max-snippet":"max-snippet:-1","max-image-preview":"max-image-preview:large","max-video-preview":"max-video-preview:-1"},"canonical":"https:\/\/blog.oneill.cl\/wordpress\/index.php\/2026\/03\/30\/guia-completa-para-elegir-el-poleron-ideal\/","og_locale":"es_ES","og_type":"article","og_title":"Gu\u00eda completa para elegir el poler\u00f3n ideal","og_description":"Descubre c\u00f3mo elegir el poler\u00f3n ideal seg\u00fan estilo, clima y uso. Gu\u00eda O\u2019Neill con consejos para encontrar el poler\u00f3n perfecto para ciudad, surf y outdoor.","og_url":"https:\/\/blog.oneill.cl\/wordpress\/index.php\/2026\/03\/30\/guia-completa-para-elegir-el-poleron-ideal\/","og_site_name":"ONeill Bog","article_publisher":"https:\/\/www.facebook.com\/OneillChile\/","article_published_time":"2026-03-30T10:00:00+00:00","og_image":[{"width":2560,"height":1707,"url":"https:\/\/blog.oneill.cl\/wordpress\/wp-content\/uploads\/2026\/03\/guia-completa-para-elegir-el-poleron-ideal-scaled.webp","type":"image\/webp"}],"author":"admin","twitter_card":"summary_large_image","twitter_misc":{"Escrito por":"admin","Tiempo de lectura":"4 minutos"},"schema":{"@context":"https:\/\/schema.org","@graph":[{"@type":"Article","@id":"https:\/\/blog.oneill.cl\/wordpress\/index.php\/2026\/03\/30\/guia-completa-para-elegir-el-poleron-ideal\/#article","isPartOf":{"@id":"https:\/\/blog.oneill.cl\/wordpress\/index.php\/2026\/03\/30\/guia-completa-para-elegir-el-poleron-ideal\/"},"author":{"name":"admin","@id":"https:\/\/blog.oneill.cl\/wordpress\/#\/schema\/person\/eb24d11a498a2f5b3069031f49f2de1a"},"headline":"\u00bfC\u00f3mo elegir el poler\u00f3n ideal?","datePublished":"2026-03-30T10:00:00+00:00","mainEntityOfPage":{"@id":"https:\/\/blog.oneill.cl\/wordpress\/index.php\/2026\/03\/30\/guia-completa-para-elegir-el-poleron-ideal\/"},"wordCount":851,"commentCount":0,"publisher":{"@id":"https:\/\/blog.oneill.cl\/wordpress\/#organization"},"image":{"@id":"https:\/\/blog.oneill.cl\/wordpress\/index.php\/2026\/03\/30\/guia-completa-para-elegir-el-poleron-ideal\/#primaryimage"},"thumbnailUrl":"https:\/\/blog.oneill.cl\/wordpress\/wp-content\/uploads\/2026\/03\/guia-completa-para-elegir-el-poleron-ideal-scaled.webp","keywords":["poler\u00f3n"],"articleSection":["Ropa"],"inLanguage":"es","potentialAction":[{"@type":"CommentAction","name":"Comment","target":["https:\/\/blog.oneill.cl\/wordpress\/index.php\/2026\/03\/30\/guia-completa-para-elegir-el-poleron-ideal\/#respond"]}]},{"@type":"WebPage","@id":"https:\/\/blog.oneill.cl\/wordpress\/index.php\/2026\/03\/30\/guia-completa-para-elegir-el-poleron-ideal\/","url":"https:\/\/blog.oneill.cl\/wordpress\/index.php\/2026\/03\/30\/guia-completa-para-elegir-el-poleron-ideal\/","name":"Gu\u00eda completa para elegir el poler\u00f3n ideal","isPartOf":{"@id":"https:\/\/blog.oneill.cl\/wordpress\/#website"},"primaryImageOfPage":{"@id":"https:\/\/blog.oneill.cl\/wordpress\/index.php\/2026\/03\/30\/guia-completa-para-elegir-el-poleron-ideal\/#primaryimage"},"image":{"@id":"https:\/\/blog.oneill.cl\/wordpress\/index.php\/2026\/03\/30\/guia-completa-para-elegir-el-poleron-ideal\/#primaryimage"},"thumbnailUrl":"https:\/\/blog.oneill.cl\/wordpress\/wp-content\/uploads\/2026\/03\/guia-completa-para-elegir-el-poleron-ideal-scaled.webp","datePublished":"2026-03-30T10:00:00+00:00","description":"Descubre c\u00f3mo elegir el poler\u00f3n ideal seg\u00fan estilo, clima y uso. Gu\u00eda O\u2019Neill con consejos para encontrar el poler\u00f3n perfecto para ciudad, surf y outdoor.","breadcrumb":{"@id":"https:\/\/blog.oneill.cl\/wordpress\/index.php\/2026\/03\/30\/guia-completa-para-elegir-el-poleron-ideal\/#breadcrumb"},"inLanguage":"es","potentialAction":[{"@type":"ReadAction","target":["https:\/\/blog.oneill.cl\/wordpress\/index.php\/2026\/03\/30\/guia-completa-para-elegir-el-poleron-ideal\/"]}]},{"@type":"ImageObject","inLanguage":"es","@id":"https:\/\/blog.oneill.cl\/wordpress\/index.php\/2026\/03\/30\/guia-completa-para-elegir-el-poleron-ideal\/#primaryimage","url":"https:\/\/blog.oneill.cl\/wordpress\/wp-content\/uploads\/2026\/03\/guia-completa-para-elegir-el-poleron-ideal-scaled.webp","contentUrl":"https:\/\/blog.oneill.cl\/wordpress\/wp-content\/uploads\/2026\/03\/guia-completa-para-elegir-el-poleron-ideal-scaled.webp","width":2560,"height":1707,"caption":"\u00bfC\u00f3mo elegir el poler\u00f3n ideal?"},{"@type":"BreadcrumbList","@id":"https:\/\/blog.oneill.cl\/wordpress\/index.php\/2026\/03\/30\/guia-completa-para-elegir-el-poleron-ideal\/#breadcrumb","itemListElement":[{"@type":"ListItem","position":1,"name":"Portada","item":"https:\/\/blog.oneill.cl\/wordpress\/"},{"@type":"ListItem","position":2,"name":"\u00bfC\u00f3mo elegir el poler\u00f3n ideal?"}]},{"@type":"WebSite","@id":"https:\/\/blog.oneill.cl\/wordpress\/#website","url":"https:\/\/blog.oneill.cl\/wordpress\/","name":"O'Neill Blog","description":"","publisher":{"@id":"https:\/\/blog.oneill.cl\/wordpress\/#organization"},"potentialAction":[{"@type":"SearchAction","target":{"@type":"EntryPoint","urlTemplate":"https:\/\/blog.oneill.cl\/wordpress\/?s={search_term_string}"},"query-input":{"@type":"PropertyValueSpecification","valueRequired":true,"valueName":"search_term_string"}}],"inLanguage":"es"},{"@type":"Organization","@id":"https:\/\/blog.oneill.cl\/wordpress\/#organization","name":"O'Neill","url":"https:\/\/blog.oneill.cl\/wordpress\/","logo":{"@type":"ImageObject","inLanguage":"es","@id":"https:\/\/blog.oneill.cl\/wordpress\/#\/schema\/logo\/image\/","url":"https:\/\/blog.oneill.cl\/wordpress\/wp-content\/uploads\/2024\/12\/logo.png","contentUrl":"https:\/\/blog.oneill.cl\/wordpress\/wp-content\/uploads\/2024\/12\/logo.png","width":1531,"height":531,"caption":"O'Neill"},"image":{"@id":"https:\/\/blog.oneill.cl\/wordpress\/#\/schema\/logo\/image\/"},"sameAs":["https:\/\/www.facebook.com\/OneillChile\/","https:\/\/www.instagram.com\/oneillchile\/","https:\/\/www.youtube.com\/channel\/UCKtNAb6a5iL27gvOQ7woRfQ"]},{"@type":"Person","@id":"https:\/\/blog.oneill.cl\/wordpress\/#\/schema\/person\/eb24d11a498a2f5b3069031f49f2de1a","name":"admin","image":{"@type":"ImageObject","inLanguage":"es","@id":"https:\/\/secure.gravatar.com\/avatar\/a42132fa82aa79bc079fbe09df7ec0048a6695a6d6da23b1635998541170df78?s=96&d=mm&r=g","url":"https:\/\/secure.gravatar.com\/avatar\/a42132fa82aa79bc079fbe09df7ec0048a6695a6d6da23b1635998541170df78?s=96&d=mm&r=g","contentUrl":"https:\/\/secure.gravatar.com\/avatar\/a42132fa82aa79bc079fbe09df7ec0048a6695a6d6da23b1635998541170df78?s=96&d=mm&r=g","caption":"admin"},"sameAs":["https:\/\/blog.oneill.cl\/wordpress"],"url":"https:\/\/blog.oneill.cl\/wordpress\/index.php\/author\/known\/"}]}},"_links":{"self":[{"href":"https:\/\/blog.oneill.cl\/wordpress\/index.php\/wp-json\/wp\/v2\/posts\/384","targetHints":{"allow":["GET"]}}],"collection":[{"href":"https:\/\/blog.oneill.cl\/wordpress\/index.php\/wp-json\/wp\/v2\/posts"}],"about":[{"href":"https:\/\/blog.oneill.cl\/wordpress\/index.php\/wp-json\/wp\/v2\/types\/post"}],"author":[{"embeddable":true,"href":"https:\/\/blog.oneill.cl\/wordpress\/index.php\/wp-json\/wp\/v2\/users\/1"}],"replies":[{"embeddable":true,"href":"https:\/\/blog.oneill.cl\/wordpress\/index.php\/wp-json\/wp\/v2\/comments?post=384"}],"version-history":[{"count":1,"href":"https:\/\/blog.oneill.cl\/wordpress\/index.php\/wp-json\/wp\/v2\/posts\/384\/revisions"}],"predecessor-version":[{"id":386,"href":"https:\/\/blog.oneill.cl\/wordpress\/index.php\/wp-json\/wp\/v2\/posts\/384\/revisions\/386"}],"wp:featuredmedia":[{"embeddable":true,"href":"https:\/\/blog.oneill.cl\/wordpress\/index.php\/wp-json\/wp\/v2\/media\/385"}],"wp:attachment":[{"href":"https:\/\/blog.oneill.cl\/wordpress\/index.php\/wp-json\/wp\/v2\/media?parent=384"}],"wp:term":[{"taxonomy":"category","embeddable":true,"href":"https:\/\/blog.oneill.cl\/wordpress\/index.php\/wp-json\/wp\/v2\/categories?post=384"},{"taxonomy":"post_tag","embeddable":true,"href":"https:\/\/blog.oneill.cl\/wordpress\/index.php\/wp-json\/wp\/v2\/tags?post=384"}],"curies":[{"name":"wp","href":"https:\/\/api.w.org\/{rel}","templated":true}]}}