{"id":392,"date":"2026-04-16T10:00:00","date_gmt":"2026-04-16T10:00:00","guid":{"rendered":"https:\/\/blog.oneill.cl\/wordpress\/?p=392"},"modified":"2026-04-16T12:20:39","modified_gmt":"2026-04-16T12:20:39","slug":"ideas-celebrar-dia-de-la-madre","status":"publish","type":"post","link":"https:\/\/blog.oneill.cl\/wordpress\/index.php\/2026\/04\/16\/ideas-celebrar-dia-de-la-madre\/","title":{"rendered":"4 ideas para celebrar el D\u00eda de la Madre"},"content":{"rendered":"\n<p>Hay d\u00edas que invitan a parar un momento y agradecer. El <strong><a href=\"https:\/\/www.oneill.cl\/dia-de-la-madre?map=productclusternames&amp;order=OrderByReleaseDateDESC\">D\u00eda de la Madre<\/a><\/strong> es uno de ellos. No se trata solo de regalos, sino de <strong>compartir tiempo de calidad y crear recuerdos juntos<\/strong>.<\/p>\n\n\n\n<p>En Chile, mayo trae ma\u00f1anas fr\u00edas, tardes de caf\u00e9 y panoramas perfectos para celebrar en familia. Desde un desayuno preparado con cari\u00f1o hasta una caminata por la costa o un paseo por la ciudad, lo importante es que el momento tenga un toque especial.<\/p>\n\n\n\n<p>En O&#8217;Neill, creemos que los <strong>mejores regalos <\/strong>son aquellos pensados con cari\u00f1o y afecto. Por ello, aqu\u00ed te dejamos <strong>4 ideas simples y significativas para celebrar el D\u00eda de la Madre<\/strong>.<\/p>\n\n\n\n<p>Tambi\u00e9n te puede interesar leer: <a href=\"https:\/\/www.oneill.cl\/blog\/polerones-originals-women-estilo-surf-retro\/\">Polerones O&#8217;Riginals Women: estilo retro y ADN surfista<\/a>.<\/p>\n\n\n\n<h2 class=\"wp-block-heading\">\u00bfCu\u00e1ndo es el D\u00eda de la Madre en Chile y por qu\u00e9 se celebra?<\/h2>\n\n\n\n<p>En Chile, el <strong>D\u00eda de la Madre se celebra el segundo domingo de mayo<\/strong>, aunque oficialmente la fecha reconocida por ley es el <strong>10 de mayo<\/strong>.<\/p>\n\n\n\n<p>Con el tiempo, la tradici\u00f3n se instal\u00f3 como una jornada para <strong>agradecer el cari\u00f1o, dedicaci\u00f3n y apoyo de las madres<\/strong>. Familias completas se re\u00fanen para almuerzos, panoramas o peque\u00f1os gestos que hacen el d\u00eda especial.<\/p>\n\n\n\n<p>M\u00e1s all\u00e1 de la fecha, lo importante es el significado: <strong>celebrar a quienes siempre est\u00e1n ah\u00ed<\/strong>, acompa\u00f1ando cada aventura de la vida.<\/p>\n\n\n\n<h2 class=\"wp-block-heading\">Ideas para celebrar el D\u00eda de la Madre<\/h2>\n\n\n\n<h3 class=\"wp-block-heading\">1. Sorpr\u00e9ndela con un desayuno especial en casa<\/h3>\n\n\n\n<p>A veces, los mejores momentos son los m\u00e1s simples. Un <strong>desayuno preparado en casa<\/strong> puede ser el inicio perfecto para celebrar.<\/p>\n\n\n\n<p>Algunas ideas para hacerlo especial:<\/p>\n\n\n\n<ul class=\"wp-block-list\">\n<li>Preparar caf\u00e9 reci\u00e9n hecho, jugos naturales o t\u00e9 caliente<\/li>\n\n\n\n<li>Incluir frutas, tostadas o algo dulce<\/li>\n\n\n\n<li><strong>Decorar la mesa con flores o una nota escrita a mano<\/strong><\/li>\n\n\n\n<li>Agregar una tarjeta con un mensaje personal<\/li>\n<\/ul>\n\n\n\n<p>Si quieres agregar un peque\u00f1o detalle para acompa\u00f1ar el desayuno, un <a href=\"https:\/\/www.oneill.cl\/poleron-hoodie-hampton--cafe\/p?skuId=20861\"><strong>poler\u00f3n c\u00f3modo<\/strong><\/a><strong>, <\/strong>ideal para relajarse en casa los d\u00edas frescos puede ser ideal.<\/p>\n\n\n\n<p><strong>Tip:<\/strong> entrega el regalo durante el desayuno, esto har\u00e1 que el momento sea a\u00fan m\u00e1s memorable.<\/p>\n\n\n\n<h3 class=\"wp-block-heading\">2. Planear una salida al aire libre juntas<\/h3>\n\n\n\n<p>Si tu mam\u00e1 disfruta la naturaleza, una excelente forma de celebrar el <strong>D\u00eda de la Madre<\/strong> es organizar un panorama outdoor.<\/p>\n\n\n\n<p>Algunas ideas simples:<\/p>\n\n\n\n<ul class=\"wp-block-list\">\n<li>Si vives en una ciudad costera, una caminata por la playa puede ser ideal<\/li>\n\n\n\n<li>Paseo por el parque durante la tarde<\/li>\n\n\n\n<li>Picnic familiar<\/li>\n\n\n\n<li>Recorrer una feria local o paseo costero<\/li>\n<\/ul>\n\n\n\n<p>Lo importante es <strong>elegir ropa c\u00f3moda<\/strong> que permita moverse libremente y disfrutar el d\u00eda. Para panoramas al aire libre, unas <a href=\"https:\/\/www.oneill.cl\/hawaiana-aiden-verde\/p?skuId=18380\">sandalias livianas<\/a> pueden ser una gran opci\u00f3n para los d\u00edas templados. Tambi\u00e9n es buena idea sumar una capa ligera para cambios de temperatura, como una <a href=\"https:\/\/www.oneill.cl\/polera-manga-larga-brayton--rojo-oscuro\/p?skuId=20825\">polera manga larga c\u00f3moda<\/a>.<\/p>\n\n\n\n<p>Este tipo de salidas son ideal para <strong>conectarse con el entorno y disfrutar cada momento junto con los seres queridos<\/strong>.<\/p>\n\n\n\n<h3 class=\"wp-block-heading\">3. Un d\u00eda de relajo con estilo<\/h3>\n\n\n\n<p>Otra forma perfecta de celebrar es regalar <strong>un d\u00eda tranquilo para compartir juntas<\/strong>.<\/p>\n\n\n\n<p>Algunas ideas de panoramas relajados:<\/p>\n\n\n\n<ul class=\"wp-block-list\">\n<li>Ir por un caf\u00e9 o brunch<\/li>\n\n\n\n<li>Pasear por el mall<\/li>\n\n\n\n<li>Ver una pel\u00edcula en el cine<\/li>\n\n\n\n<li>Caminar por el barrio o la costanera<\/li>\n<\/ul>\n\n\n\n<p>Para estos momentos, las prendas vers\u00e1tiles son las mejores aliadas. Una <strong>chaqueta o <\/strong><a href=\"https:\/\/www.oneill.cl\/parka-elise-azul-oscuro\/p?skuId=21980\"><strong>parka liviana<\/strong><\/a> permite mantenerse abrigada sin perder estilo.<\/p>\n\n\n\n<p>Las chaquetas livianas funcionan perfecto para el clima chileno, donde la temperatura puede cambiar durante el d\u00eda. Adem\u00e1s, combinan f\u00e1cilmente con jeans, pantalones c\u00f3modos o vestidos, lo que las convierte en <strong>una prenda pr\u00e1ctica para distintas ocasiones<\/strong>.<\/p>\n\n\n\n<h3 class=\"wp-block-heading\">4. Una sesi\u00f3n de surf con la mam\u00e1 aventurera<\/h3>\n\n\n\n<p>Para las mam\u00e1s que aman el oc\u00e9ano, una <strong>sesi\u00f3n de surf<\/strong> puede ser una forma inolvidable de celebrar el D\u00eda de la Madre. Compartir una ma\u00f1ana en el agua, sentir la energ\u00eda del mar y disfrutar la naturaleza juntas puede convertirse en un recuerdo que quedar\u00e1 para siempre.<\/p>\n\n\n\n<p>En Chile existen muchos lugares perfectos para este panorama. Desde las olas de <strong>Pichilemu<\/strong>, pasando por playas de la zona central como<strong> Maitencillo<\/strong> o incluso spots del norte como <strong>Arica<\/strong>, el surf es parte del estilo de vida costero del pa\u00eds.<\/p>\n\n\n\n<p>Si tu mam\u00e1 ya surfea o quiere probar algo nuevo, puedes organizar un plan simple:<\/p>\n\n\n\n<ul class=\"wp-block-list\">\n<li>Levantarse temprano y aprovechar las mejores condiciones del mar<\/li>\n\n\n\n<li>Compartir una sesi\u00f3n de surf juntas<\/li>\n\n\n\n<li>Terminar la ma\u00f1ana con un desayuno frente al oc\u00e9ano<\/li>\n<\/ul>\n\n\n\n<p>Para disfrutar la experiencia al m\u00e1ximo, contar con el <strong>equipamiento adecuado<\/strong> es clave. En O\u2019Neill contamos con<strong> <\/strong><a href=\"https:\/\/www.oneill.cl\/surf\/mujer\"><strong>trajes de surf para mujer<\/strong><\/a><strong> <\/strong>dise\u00f1ados para enfrentar las fr\u00edas aguas del Pac\u00edfico chileno, entregando abrigo, flexibilidad y comodidad en cada sesi\u00f3n.<\/p>\n\n\n\n<p>Si tu mam\u00e1 tiene esp\u00edritu rider, este puede ser el regalo perfecto: un traje de surf pensado para disfrutar m\u00e1s tiempo en el agua y seguir explorando nuevas olas juntas.<\/p>\n\n\n\n<h2 class=\"wp-block-heading\">C\u00f3mo elegir el regalo perfecto para el D\u00eda de la Madre<\/h2>\n\n\n\n<p>Elegir el regalo ideal no siempre es f\u00e1cil, pero hay algunos criterios que ayudan a encontrar algo realmente \u00fatil.<\/p>\n\n\n\n<h3 class=\"wp-block-heading\">1. Regala algo pr\u00e1ctico<\/h3>\n\n\n\n<p>Las prendas que se pueden usar en distintos momentos del a\u00f1o suelen ser las m\u00e1s valoradas.<\/p>\n\n\n\n<p>Por ejemplo:<\/p>\n\n\n\n<ul class=\"wp-block-list\">\n<li>Polerones para d\u00edas frescos<\/li>\n\n\n\n<li>Chaquetas livianas<\/li>\n\n\n\n<li>Poleras manga larga c\u00f3modas<\/li>\n<\/ul>\n\n\n\n<h3 class=\"wp-block-heading\">2. Prioriza la comodidad<\/h3>\n\n\n\n<p>La ropa que permite moverse con libertad y sentirse c\u00f3moda es perfecta para el d\u00eda a d\u00eda.<\/p>\n\n\n\n<p>Esto es especialmente importante en prendas pensadas para <strong>actividades outdoor o paseos familiares<\/strong>.<\/p>\n\n\n\n<h3 class=\"wp-block-heading\">3. Busca prendas vers\u00e1tiles<\/h3>\n\n\n\n<p>Una buena prenda puede servir para distintos planes:<\/p>\n\n\n\n<ul class=\"wp-block-list\">\n<li>Salidas casuales<\/li>\n\n\n\n<li>Viajes de fin de semana<\/li>\n\n\n\n<li>Caminatas o panoramas urbanos<\/li>\n<\/ul>\n\n\n\n<p>Desde nuestros inicios, en O&#8217;Neill hemos desarrollado ropa pensada para <strong>acompa\u00f1ar un estilo de vida activo<\/strong>, inspirado en el oc\u00e9ano y en la conexi\u00f3n con la naturaleza.<\/p>\n\n\n\n<h2 class=\"wp-block-heading\">Celebra el D\u00eda de la Madre con momentos inolvidables<\/h2>\n\n\n\n<p>Al final del d\u00eda, el mejor regalo no siempre es el m\u00e1s grande, sino <strong>el tiempo compartido<\/strong>.<\/p>\n\n\n\n<p>Un desayuno preparado con cari\u00f1o, una caminata por la costa o una tarde tranquila conversando pueden convertirse en recuerdos que duran a\u00f1os.<\/p>\n\n\n\n<p>Este <strong>D\u00eda de la Madre<\/strong>, sorpr\u00e9ndela con un detalle que combine comodidad, estilo y esp\u00edritu outdoor. Y sobre todo, celebra con ella esos momentos simples que hacen la vida m\u00e1s especial. Visita nuestra <a href=\"https:\/\/www.oneill.cl\/\">tienda online<\/a> o bien encuentra tu <a href=\"https:\/\/www.oneill.cl\/tiendas\">tienda m\u00e1s cercana<\/a> y consigue ese regalo ideal para este d\u00eda.<\/p>\n\n\n\n<h2 class=\"wp-block-heading\">FAQ: D\u00eda de la Madre en Chile<\/h2>\n\n\n\n<h3 class=\"wp-block-heading\">\u00bfCu\u00e1ndo es el D\u00eda de la Madre en Chile?<\/h3>\n\n\n\n<p>En Chile se celebra el <strong>segundo domingo de mayo<\/strong>, aunque oficialmente la fecha es el 10 de mayo.<\/p>\n\n\n\n<h3 class=\"wp-block-heading\">\u00bfQu\u00e9 regalar para el D\u00eda de la Madre?<\/h3>\n\n\n\n<p>Las prendas c\u00f3modas y vers\u00e1tiles, como polerones, chaquetas livianas o poleras manga larga, son excelentes opciones de regalo.<\/p>\n\n\n\n<h3 class=\"wp-block-heading\">\u00bfQu\u00e9 panoramas se pueden hacer para el D\u00eda de la Madre?<\/h3>\n\n\n\n<p>Puedes organizar un desayuno en casa, salir a caminar por la playa, hacer un picnic o disfrutar de una tarde de caf\u00e9 en familia.<\/p>\n\n\n\n<h3 class=\"wp-block-heading\">\u00bfC\u00f3mo elegir un buen regalo para el D\u00eda de la Madre?<\/h3>\n\n\n\n<p>Lo ideal es buscar algo pr\u00e1ctico, c\u00f3modo y que pueda usar durante todo el a\u00f1o en distintos momentos del d\u00eda.<\/p>\n\n\n\n<p><\/p>\n\n\n<p><script type=\"application\/ld+json\"><br \/>\n{<br \/>\n  \"@context\": \"https:\/\/schema.org\",<br \/>\n  \"@type\": \"FAQPage\",<br \/>\n  \"mainEntity\": [<br \/>\n    {<br \/>\n      \"@type\": \"Question\",<br \/>\n      \"name\": \"\u00bfCu\u00e1ndo es el D\u00eda de la Madre en Chile?\",<br \/>\n      \"acceptedAnswer\": {<br \/>\n        \"@type\": \"Answer\",<br \/>\n        \"text\": \"En Chile se celebra el segundo domingo de mayo, aunque oficialmente la fecha es el 10 de mayo.\"<br \/>\n      }<br \/>\n    },<br \/>\n    {<br \/>\n      \"@type\": \"Question\",<br \/>\n      \"name\": \"\u00bfQu\u00e9 regalar para el D\u00eda de la Madre?\",<br \/>\n      \"acceptedAnswer\": {<br \/>\n        \"@type\": \"Answer\",<br \/>\n        \"text\": \"Las prendas c\u00f3modas y vers\u00e1tiles, como polerones, chaquetas livianas o poleras manga larga, son excelentes opciones de regalo.\"<br \/>\n      }<br \/>\n    },<br \/>\n    {<br \/>\n      \"@type\": \"Question\",<br \/>\n      \"name\": \"\u00bfQu\u00e9 panoramas se pueden hacer para el D\u00eda de la Madre?\",<br \/>\n      \"acceptedAnswer\": {<br \/>\n        \"@type\": \"Answer\",<br \/>\n        \"text\": \"Puedes organizar un desayuno en casa, salir a caminar por la playa, hacer un picnic o disfrutar de una tarde de caf\u00e9 en familia.\"<br \/>\n      }<br \/>\n    },<br \/>\n    {<br \/>\n      \"@type\": \"Question\",<br \/>\n      \"name\": \"\u00bfC\u00f3mo elegir un buen regalo para el D\u00eda de la Madre?\",<br \/>\n      \"acceptedAnswer\": {<br \/>\n        \"@type\": \"Answer\",<br \/>\n        \"text\": \"Lo ideal es buscar algo pr\u00e1ctico, c\u00f3modo y que pueda usar durante todo el a\u00f1o en distintos momentos del d\u00eda.\"<br \/>\n      }<br \/>\n    }<br \/>\n  ]<br \/>\n}<br \/>\n<\/script><\/p>","protected":false},"excerpt":{"rendered":"<p>Hay d\u00edas que invitan a parar un momento y agradecer. El D\u00eda de la Madre es uno de ellos. No se trata solo de regalos, sino de compartir tiempo de calidad y crear recuerdos juntos. En Chile, mayo trae ma\u00f1anas fr\u00edas, tardes de caf\u00e9 y panoramas perfectos para celebrar en familia. Desde un desayuno preparado [&hellip;]<\/p>\n","protected":false},"author":1,"featured_media":393,"comment_status":"open","ping_status":"closed","sticky":false,"template":"","format":"standard","meta":{"footnotes":""},"categories":[11],"tags":[],"class_list":["post-392","post","type-post","status-publish","format-standard","has-post-thumbnail","hentry","category-mujer"],"yoast_head":"<!-- This site is optimized with the Yoast SEO plugin v27.5 - https:\/\/yoast.com\/product\/yoast-seo-wordpress\/ -->\n<title>4 ideas para celebrar el D\u00eda de la Madre<\/title>\n<meta name=\"description\" content=\"Descubre 4 ideas para celebrar el D\u00eda de la Madre en Chile con panoramas especiales y regalos c\u00f3modos y con estilo para disfrutar juntas.\" \/>\n<meta name=\"robots\" content=\"index, follow, max-snippet:-1, max-image-preview:large, max-video-preview:-1\" \/>\n<link rel=\"canonical\" href=\"https:\/\/blog.oneill.cl\/wordpress\/index.php\/2026\/04\/16\/ideas-celebrar-dia-de-la-madre\/\" \/>\n<meta property=\"og:locale\" content=\"es_ES\" \/>\n<meta property=\"og:type\" content=\"article\" \/>\n<meta property=\"og:title\" content=\"4 ideas para celebrar el D\u00eda de la Madre\" \/>\n<meta property=\"og:description\" content=\"Descubre 4 ideas para celebrar el D\u00eda de la Madre en Chile con panoramas especiales y regalos c\u00f3modos y con estilo para disfrutar juntas.\" \/>\n<meta property=\"og:url\" content=\"https:\/\/blog.oneill.cl\/wordpress\/index.php\/2026\/04\/16\/ideas-celebrar-dia-de-la-madre\/\" \/>\n<meta property=\"og:site_name\" content=\"ONeill Bog\" \/>\n<meta property=\"article:publisher\" content=\"https:\/\/www.facebook.com\/OneillChile\/\" \/>\n<meta property=\"article:published_time\" content=\"2026-04-16T10:00:00+00:00\" \/>\n<meta property=\"article:modified_time\" content=\"2026-04-16T12:20:39+00:00\" \/>\n<meta property=\"og:image\" content=\"https:\/\/blog.oneill.cl\/wordpress\/wp-content\/uploads\/2026\/04\/ideas-celebrar-dia-de-la-madre.webp\" \/>\n\t<meta property=\"og:image:width\" content=\"1920\" \/>\n\t<meta property=\"og:image:height\" content=\"1281\" \/>\n\t<meta property=\"og:image:type\" content=\"image\/webp\" \/>\n<meta name=\"author\" content=\"admin\" \/>\n<meta name=\"twitter:card\" content=\"summary_large_image\" \/>\n<meta name=\"twitter:label1\" content=\"Escrito por\" \/>\n\t<meta name=\"twitter:data1\" content=\"admin\" \/>\n\t<meta name=\"twitter:label2\" content=\"Tiempo de lectura\" \/>\n\t<meta name=\"twitter:data2\" content=\"6 minutos\" \/>\n<script type=\"application\/ld+json\" class=\"yoast-schema-graph\">{\"@context\":\"https:\\\/\\\/schema.org\",\"@graph\":[{\"@type\":[\"Article\",\"BlogPosting\"],\"@id\":\"https:\\\/\\\/blog.oneill.cl\\\/wordpress\\\/index.php\\\/2026\\\/04\\\/16\\\/ideas-celebrar-dia-de-la-madre\\\/#article\",\"isPartOf\":{\"@id\":\"https:\\\/\\\/blog.oneill.cl\\\/wordpress\\\/index.php\\\/2026\\\/04\\\/16\\\/ideas-celebrar-dia-de-la-madre\\\/\"},\"author\":{\"name\":\"admin\",\"@id\":\"https:\\\/\\\/blog.oneill.cl\\\/wordpress\\\/#\\\/schema\\\/person\\\/eb24d11a498a2f5b3069031f49f2de1a\"},\"headline\":\"4 ideas para celebrar el D\u00eda de la Madre\",\"datePublished\":\"2026-04-16T10:00:00+00:00\",\"dateModified\":\"2026-04-16T12:20:39+00:00\",\"mainEntityOfPage\":{\"@id\":\"https:\\\/\\\/blog.oneill.cl\\\/wordpress\\\/index.php\\\/2026\\\/04\\\/16\\\/ideas-celebrar-dia-de-la-madre\\\/\"},\"wordCount\":1255,\"commentCount\":0,\"publisher\":{\"@id\":\"https:\\\/\\\/blog.oneill.cl\\\/wordpress\\\/#organization\"},\"image\":{\"@id\":\"https:\\\/\\\/blog.oneill.cl\\\/wordpress\\\/index.php\\\/2026\\\/04\\\/16\\\/ideas-celebrar-dia-de-la-madre\\\/#primaryimage\"},\"thumbnailUrl\":\"https:\\\/\\\/blog.oneill.cl\\\/wordpress\\\/wp-content\\\/uploads\\\/2026\\\/04\\\/ideas-celebrar-dia-de-la-madre.webp\",\"articleSection\":[\"Mujer\"],\"inLanguage\":\"es\",\"potentialAction\":[{\"@type\":\"CommentAction\",\"name\":\"Comment\",\"target\":[\"https:\\\/\\\/blog.oneill.cl\\\/wordpress\\\/index.php\\\/2026\\\/04\\\/16\\\/ideas-celebrar-dia-de-la-madre\\\/#respond\"]}]},{\"@type\":[\"WebPage\",\"ItemPage\"],\"@id\":\"https:\\\/\\\/blog.oneill.cl\\\/wordpress\\\/index.php\\\/2026\\\/04\\\/16\\\/ideas-celebrar-dia-de-la-madre\\\/\",\"url\":\"https:\\\/\\\/blog.oneill.cl\\\/wordpress\\\/index.php\\\/2026\\\/04\\\/16\\\/ideas-celebrar-dia-de-la-madre\\\/\",\"name\":\"4 ideas para celebrar el D\u00eda de la Madre\",\"isPartOf\":{\"@id\":\"https:\\\/\\\/blog.oneill.cl\\\/wordpress\\\/#website\"},\"primaryImageOfPage\":{\"@id\":\"https:\\\/\\\/blog.oneill.cl\\\/wordpress\\\/index.php\\\/2026\\\/04\\\/16\\\/ideas-celebrar-dia-de-la-madre\\\/#primaryimage\"},\"image\":{\"@id\":\"https:\\\/\\\/blog.oneill.cl\\\/wordpress\\\/index.php\\\/2026\\\/04\\\/16\\\/ideas-celebrar-dia-de-la-madre\\\/#primaryimage\"},\"thumbnailUrl\":\"https:\\\/\\\/blog.oneill.cl\\\/wordpress\\\/wp-content\\\/uploads\\\/2026\\\/04\\\/ideas-celebrar-dia-de-la-madre.webp\",\"datePublished\":\"2026-04-16T10:00:00+00:00\",\"dateModified\":\"2026-04-16T12:20:39+00:00\",\"description\":\"Descubre 4 ideas para celebrar el D\u00eda de la Madre en Chile con panoramas especiales y regalos c\u00f3modos y con estilo para disfrutar juntas.\",\"breadcrumb\":{\"@id\":\"https:\\\/\\\/blog.oneill.cl\\\/wordpress\\\/index.php\\\/2026\\\/04\\\/16\\\/ideas-celebrar-dia-de-la-madre\\\/#breadcrumb\"},\"inLanguage\":\"es\",\"potentialAction\":[{\"@type\":\"ReadAction\",\"target\":[\"https:\\\/\\\/blog.oneill.cl\\\/wordpress\\\/index.php\\\/2026\\\/04\\\/16\\\/ideas-celebrar-dia-de-la-madre\\\/\"]}]},{\"@type\":\"ImageObject\",\"inLanguage\":\"es\",\"@id\":\"https:\\\/\\\/blog.oneill.cl\\\/wordpress\\\/index.php\\\/2026\\\/04\\\/16\\\/ideas-celebrar-dia-de-la-madre\\\/#primaryimage\",\"url\":\"https:\\\/\\\/blog.oneill.cl\\\/wordpress\\\/wp-content\\\/uploads\\\/2026\\\/04\\\/ideas-celebrar-dia-de-la-madre.webp\",\"contentUrl\":\"https:\\\/\\\/blog.oneill.cl\\\/wordpress\\\/wp-content\\\/uploads\\\/2026\\\/04\\\/ideas-celebrar-dia-de-la-madre.webp\",\"width\":1920,\"height\":1281,\"caption\":\"D\u00eda de la madre\"},{\"@type\":\"BreadcrumbList\",\"@id\":\"https:\\\/\\\/blog.oneill.cl\\\/wordpress\\\/index.php\\\/2026\\\/04\\\/16\\\/ideas-celebrar-dia-de-la-madre\\\/#breadcrumb\",\"itemListElement\":[{\"@type\":\"ListItem\",\"position\":1,\"name\":\"Portada\",\"item\":\"https:\\\/\\\/blog.oneill.cl\\\/wordpress\\\/\"},{\"@type\":\"ListItem\",\"position\":2,\"name\":\"4 ideas para celebrar el D\u00eda de la Madre\"}]},{\"@type\":\"WebSite\",\"@id\":\"https:\\\/\\\/blog.oneill.cl\\\/wordpress\\\/#website\",\"url\":\"https:\\\/\\\/blog.oneill.cl\\\/wordpress\\\/\",\"name\":\"O'Neill Blog\",\"description\":\"\",\"publisher\":{\"@id\":\"https:\\\/\\\/blog.oneill.cl\\\/wordpress\\\/#organization\"},\"potentialAction\":[{\"@type\":\"SearchAction\",\"target\":{\"@type\":\"EntryPoint\",\"urlTemplate\":\"https:\\\/\\\/blog.oneill.cl\\\/wordpress\\\/?s={search_term_string}\"},\"query-input\":{\"@type\":\"PropertyValueSpecification\",\"valueRequired\":true,\"valueName\":\"search_term_string\"}}],\"inLanguage\":\"es\"},{\"@type\":\"Organization\",\"@id\":\"https:\\\/\\\/blog.oneill.cl\\\/wordpress\\\/#organization\",\"name\":\"O'Neill\",\"url\":\"https:\\\/\\\/blog.oneill.cl\\\/wordpress\\\/\",\"logo\":{\"@type\":\"ImageObject\",\"inLanguage\":\"es\",\"@id\":\"https:\\\/\\\/blog.oneill.cl\\\/wordpress\\\/#\\\/schema\\\/logo\\\/image\\\/\",\"url\":\"https:\\\/\\\/blog.oneill.cl\\\/wordpress\\\/wp-content\\\/uploads\\\/2024\\\/12\\\/logo.png\",\"contentUrl\":\"https:\\\/\\\/blog.oneill.cl\\\/wordpress\\\/wp-content\\\/uploads\\\/2024\\\/12\\\/logo.png\",\"width\":1531,\"height\":531,\"caption\":\"O'Neill\"},\"image\":{\"@id\":\"https:\\\/\\\/blog.oneill.cl\\\/wordpress\\\/#\\\/schema\\\/logo\\\/image\\\/\"},\"sameAs\":[\"https:\\\/\\\/www.facebook.com\\\/OneillChile\\\/\",\"https:\\\/\\\/www.instagram.com\\\/oneillchile\\\/\",\"https:\\\/\\\/www.youtube.com\\\/channel\\\/UCKtNAb6a5iL27gvOQ7woRfQ\"]},{\"@type\":\"Person\",\"@id\":\"https:\\\/\\\/blog.oneill.cl\\\/wordpress\\\/#\\\/schema\\\/person\\\/eb24d11a498a2f5b3069031f49f2de1a\",\"name\":\"admin\",\"image\":{\"@type\":\"ImageObject\",\"inLanguage\":\"es\",\"@id\":\"https:\\\/\\\/secure.gravatar.com\\\/avatar\\\/a42132fa82aa79bc079fbe09df7ec0048a6695a6d6da23b1635998541170df78?s=96&d=mm&r=g\",\"url\":\"https:\\\/\\\/secure.gravatar.com\\\/avatar\\\/a42132fa82aa79bc079fbe09df7ec0048a6695a6d6da23b1635998541170df78?s=96&d=mm&r=g\",\"contentUrl\":\"https:\\\/\\\/secure.gravatar.com\\\/avatar\\\/a42132fa82aa79bc079fbe09df7ec0048a6695a6d6da23b1635998541170df78?s=96&d=mm&r=g\",\"caption\":\"admin\"},\"sameAs\":[\"https:\\\/\\\/blog.oneill.cl\\\/wordpress\"],\"url\":\"https:\\\/\\\/blog.oneill.cl\\\/wordpress\\\/index.php\\\/author\\\/known\\\/\"}]}<\/script>\n<!-- \/ Yoast SEO plugin. -->","yoast_head_json":{"title":"4 ideas para celebrar el D\u00eda de la Madre","description":"Descubre 4 ideas para celebrar el D\u00eda de la Madre en Chile con panoramas especiales y regalos c\u00f3modos y con estilo para disfrutar juntas.","robots":{"index":"index","follow":"follow","max-snippet":"max-snippet:-1","max-image-preview":"max-image-preview:large","max-video-preview":"max-video-preview:-1"},"canonical":"https:\/\/blog.oneill.cl\/wordpress\/index.php\/2026\/04\/16\/ideas-celebrar-dia-de-la-madre\/","og_locale":"es_ES","og_type":"article","og_title":"4 ideas para celebrar el D\u00eda de la Madre","og_description":"Descubre 4 ideas para celebrar el D\u00eda de la Madre en Chile con panoramas especiales y regalos c\u00f3modos y con estilo para disfrutar juntas.","og_url":"https:\/\/blog.oneill.cl\/wordpress\/index.php\/2026\/04\/16\/ideas-celebrar-dia-de-la-madre\/","og_site_name":"ONeill Bog","article_publisher":"https:\/\/www.facebook.com\/OneillChile\/","article_published_time":"2026-04-16T10:00:00+00:00","article_modified_time":"2026-04-16T12:20:39+00:00","og_image":[{"width":1920,"height":1281,"url":"https:\/\/blog.oneill.cl\/wordpress\/wp-content\/uploads\/2026\/04\/ideas-celebrar-dia-de-la-madre.webp","type":"image\/webp"}],"author":"admin","twitter_card":"summary_large_image","twitter_misc":{"Escrito por":"admin","Tiempo de lectura":"6 minutos"},"schema":{"@context":"https:\/\/schema.org","@graph":[{"@type":["Article","BlogPosting"],"@id":"https:\/\/blog.oneill.cl\/wordpress\/index.php\/2026\/04\/16\/ideas-celebrar-dia-de-la-madre\/#article","isPartOf":{"@id":"https:\/\/blog.oneill.cl\/wordpress\/index.php\/2026\/04\/16\/ideas-celebrar-dia-de-la-madre\/"},"author":{"name":"admin","@id":"https:\/\/blog.oneill.cl\/wordpress\/#\/schema\/person\/eb24d11a498a2f5b3069031f49f2de1a"},"headline":"4 ideas para celebrar el D\u00eda de la Madre","datePublished":"2026-04-16T10:00:00+00:00","dateModified":"2026-04-16T12:20:39+00:00","mainEntityOfPage":{"@id":"https:\/\/blog.oneill.cl\/wordpress\/index.php\/2026\/04\/16\/ideas-celebrar-dia-de-la-madre\/"},"wordCount":1255,"commentCount":0,"publisher":{"@id":"https:\/\/blog.oneill.cl\/wordpress\/#organization"},"image":{"@id":"https:\/\/blog.oneill.cl\/wordpress\/index.php\/2026\/04\/16\/ideas-celebrar-dia-de-la-madre\/#primaryimage"},"thumbnailUrl":"https:\/\/blog.oneill.cl\/wordpress\/wp-content\/uploads\/2026\/04\/ideas-celebrar-dia-de-la-madre.webp","articleSection":["Mujer"],"inLanguage":"es","potentialAction":[{"@type":"CommentAction","name":"Comment","target":["https:\/\/blog.oneill.cl\/wordpress\/index.php\/2026\/04\/16\/ideas-celebrar-dia-de-la-madre\/#respond"]}]},{"@type":["WebPage","ItemPage"],"@id":"https:\/\/blog.oneill.cl\/wordpress\/index.php\/2026\/04\/16\/ideas-celebrar-dia-de-la-madre\/","url":"https:\/\/blog.oneill.cl\/wordpress\/index.php\/2026\/04\/16\/ideas-celebrar-dia-de-la-madre\/","name":"4 ideas para celebrar el D\u00eda de la Madre","isPartOf":{"@id":"https:\/\/blog.oneill.cl\/wordpress\/#website"},"primaryImageOfPage":{"@id":"https:\/\/blog.oneill.cl\/wordpress\/index.php\/2026\/04\/16\/ideas-celebrar-dia-de-la-madre\/#primaryimage"},"image":{"@id":"https:\/\/blog.oneill.cl\/wordpress\/index.php\/2026\/04\/16\/ideas-celebrar-dia-de-la-madre\/#primaryimage"},"thumbnailUrl":"https:\/\/blog.oneill.cl\/wordpress\/wp-content\/uploads\/2026\/04\/ideas-celebrar-dia-de-la-madre.webp","datePublished":"2026-04-16T10:00:00+00:00","dateModified":"2026-04-16T12:20:39+00:00","description":"Descubre 4 ideas para celebrar el D\u00eda de la Madre en Chile con panoramas especiales y regalos c\u00f3modos y con estilo para disfrutar juntas.","breadcrumb":{"@id":"https:\/\/blog.oneill.cl\/wordpress\/index.php\/2026\/04\/16\/ideas-celebrar-dia-de-la-madre\/#breadcrumb"},"inLanguage":"es","potentialAction":[{"@type":"ReadAction","target":["https:\/\/blog.oneill.cl\/wordpress\/index.php\/2026\/04\/16\/ideas-celebrar-dia-de-la-madre\/"]}]},{"@type":"ImageObject","inLanguage":"es","@id":"https:\/\/blog.oneill.cl\/wordpress\/index.php\/2026\/04\/16\/ideas-celebrar-dia-de-la-madre\/#primaryimage","url":"https:\/\/blog.oneill.cl\/wordpress\/wp-content\/uploads\/2026\/04\/ideas-celebrar-dia-de-la-madre.webp","contentUrl":"https:\/\/blog.oneill.cl\/wordpress\/wp-content\/uploads\/2026\/04\/ideas-celebrar-dia-de-la-madre.webp","width":1920,"height":1281,"caption":"D\u00eda de la madre"},{"@type":"BreadcrumbList","@id":"https:\/\/blog.oneill.cl\/wordpress\/index.php\/2026\/04\/16\/ideas-celebrar-dia-de-la-madre\/#breadcrumb","itemListElement":[{"@type":"ListItem","position":1,"name":"Portada","item":"https:\/\/blog.oneill.cl\/wordpress\/"},{"@type":"ListItem","position":2,"name":"4 ideas para celebrar el D\u00eda de la Madre"}]},{"@type":"WebSite","@id":"https:\/\/blog.oneill.cl\/wordpress\/#website","url":"https:\/\/blog.oneill.cl\/wordpress\/","name":"O'Neill Blog","description":"","publisher":{"@id":"https:\/\/blog.oneill.cl\/wordpress\/#organization"},"potentialAction":[{"@type":"SearchAction","target":{"@type":"EntryPoint","urlTemplate":"https:\/\/blog.oneill.cl\/wordpress\/?s={search_term_string}"},"query-input":{"@type":"PropertyValueSpecification","valueRequired":true,"valueName":"search_term_string"}}],"inLanguage":"es"},{"@type":"Organization","@id":"https:\/\/blog.oneill.cl\/wordpress\/#organization","name":"O'Neill","url":"https:\/\/blog.oneill.cl\/wordpress\/","logo":{"@type":"ImageObject","inLanguage":"es","@id":"https:\/\/blog.oneill.cl\/wordpress\/#\/schema\/logo\/image\/","url":"https:\/\/blog.oneill.cl\/wordpress\/wp-content\/uploads\/2024\/12\/logo.png","contentUrl":"https:\/\/blog.oneill.cl\/wordpress\/wp-content\/uploads\/2024\/12\/logo.png","width":1531,"height":531,"caption":"O'Neill"},"image":{"@id":"https:\/\/blog.oneill.cl\/wordpress\/#\/schema\/logo\/image\/"},"sameAs":["https:\/\/www.facebook.com\/OneillChile\/","https:\/\/www.instagram.com\/oneillchile\/","https:\/\/www.youtube.com\/channel\/UCKtNAb6a5iL27gvOQ7woRfQ"]},{"@type":"Person","@id":"https:\/\/blog.oneill.cl\/wordpress\/#\/schema\/person\/eb24d11a498a2f5b3069031f49f2de1a","name":"admin","image":{"@type":"ImageObject","inLanguage":"es","@id":"https:\/\/secure.gravatar.com\/avatar\/a42132fa82aa79bc079fbe09df7ec0048a6695a6d6da23b1635998541170df78?s=96&d=mm&r=g","url":"https:\/\/secure.gravatar.com\/avatar\/a42132fa82aa79bc079fbe09df7ec0048a6695a6d6da23b1635998541170df78?s=96&d=mm&r=g","contentUrl":"https:\/\/secure.gravatar.com\/avatar\/a42132fa82aa79bc079fbe09df7ec0048a6695a6d6da23b1635998541170df78?s=96&d=mm&r=g","caption":"admin"},"sameAs":["https:\/\/blog.oneill.cl\/wordpress"],"url":"https:\/\/blog.oneill.cl\/wordpress\/index.php\/author\/known\/"}]}},"_links":{"self":[{"href":"https:\/\/blog.oneill.cl\/wordpress\/index.php\/wp-json\/wp\/v2\/posts\/392","targetHints":{"allow":["GET"]}}],"collection":[{"href":"https:\/\/blog.oneill.cl\/wordpress\/index.php\/wp-json\/wp\/v2\/posts"}],"about":[{"href":"https:\/\/blog.oneill.cl\/wordpress\/index.php\/wp-json\/wp\/v2\/types\/post"}],"author":[{"embeddable":true,"href":"https:\/\/blog.oneill.cl\/wordpress\/index.php\/wp-json\/wp\/v2\/users\/1"}],"replies":[{"embeddable":true,"href":"https:\/\/blog.oneill.cl\/wordpress\/index.php\/wp-json\/wp\/v2\/comments?post=392"}],"version-history":[{"count":2,"href":"https:\/\/blog.oneill.cl\/wordpress\/index.php\/wp-json\/wp\/v2\/posts\/392\/revisions"}],"predecessor-version":[{"id":404,"href":"https:\/\/blog.oneill.cl\/wordpress\/index.php\/wp-json\/wp\/v2\/posts\/392\/revisions\/404"}],"wp:featuredmedia":[{"embeddable":true,"href":"https:\/\/blog.oneill.cl\/wordpress\/index.php\/wp-json\/wp\/v2\/media\/393"}],"wp:attachment":[{"href":"https:\/\/blog.oneill.cl\/wordpress\/index.php\/wp-json\/wp\/v2\/media?parent=392"}],"wp:term":[{"taxonomy":"category","embeddable":true,"href":"https:\/\/blog.oneill.cl\/wordpress\/index.php\/wp-json\/wp\/v2\/categories?post=392"},{"taxonomy":"post_tag","embeddable":true,"href":"https:\/\/blog.oneill.cl\/wordpress\/index.php\/wp-json\/wp\/v2\/tags?post=392"}],"curies":[{"name":"wp","href":"https:\/\/api.w.org\/{rel}","templated":true}]}}