{"id":398,"date":"2026-04-27T10:00:00","date_gmt":"2026-04-27T10:00:00","guid":{"rendered":"https:\/\/blog.oneill.cl\/wordpress\/?p=398"},"modified":"2026-04-10T20:13:05","modified_gmt":"2026-04-10T20:13:05","slug":"guia-ropa-de-invierno-como-vestirse-frio","status":"publish","type":"post","link":"https:\/\/blog.oneill.cl\/wordpress\/index.php\/2026\/04\/27\/guia-ropa-de-invierno-como-vestirse-frio\/","title":{"rendered":"Gu\u00eda completa de ropa de invierno: c\u00f3mo vestirse para el fr\u00edo"},"content":{"rendered":"\n<p>La temporada de invierno en Chile se vive distinto seg\u00fan el lugar. Puede ser una ma\u00f1ana helada en Santiago, viento costero en Pichilemu o temperaturas bajo cero camino a la cordillera. Pero en todos los casos hay algo en com\u00fan: <strong>necesitas ropa de invierno que realmente funcione<\/strong>.<\/p>\n\n\n\n<p>Vestirse bien para el fr\u00edo no significa usar muchas prendas al azar. La clave est\u00e1 en elegir <strong>capas adecuadas, materiales abrigados y prendas vers\u00e1tiles<\/strong> que te acompa\u00f1en en el d\u00eda a d\u00eda.<\/p>\n\n\n\n<p>En O&#8217;Neill, el desarrollo de ropa de calidad pensada para condiciones fr\u00edas siempre ha sido parte de nuestras prioridades. Por eso, muchas de nuestras prendas est\u00e1n dise\u00f1adas para <strong>proteger del viento, mantener el calor y permitir libertad de movimiento<\/strong>, algo clave para climas cambiantes.<\/p>\n\n\n\n<p>En esta gu\u00eda encontrar\u00e1s todo lo necesario para entender <strong>c\u00f3mo elegir y combinar ropa de invierno<\/strong> de forma c\u00f3moda y funcional.<\/p>\n\n\n\n<p>Tambi\u00e9n te puede interesar leer: <a href=\"https:\/\/www.oneill.cl\/blog\/closet-capsula\">Guia para armar un cl\u00f3set c\u00e1psula a partir de prendas b\u00e1sicas y atemporales<\/a>.<\/p>\n\n\n\n<h2 class=\"wp-block-heading\">\u00bfQu\u00e9 se considera ropa de invierno?<\/h2>\n\n\n\n<p>La <strong>ropa de invierno<\/strong> incluye todas aquellas prendas dise\u00f1adas para mantener el calor corporal cuando bajan las temperaturas.<\/p>\n\n\n\n<p>Normalmente se compone de tres tipos de prendas:<\/p>\n\n\n\n<h3 class=\"wp-block-heading\">1. Capas base<\/h3>\n\n\n\n<p>Son las que est\u00e1n en contacto con el cuerpo y ayudan a regular la temperatura.<\/p>\n\n\n\n<p>Ejemplos:<\/p>\n\n\n\n<ul class=\"wp-block-list\">\n<li>Poleras manga larga<\/li>\n\n\n\n<li>Poleras t\u00e9rmicas<\/li>\n\n\n\n<li>Primera capa t\u00e9cnica<\/li>\n<\/ul>\n\n\n\n<p>Un ejemplo vers\u00e1til para usar como base nuestra <a href=\"https:\/\/www.oneill.cl\/polera-manga-larga-og-wordmark--negro\/p?skuId=20962\">polera manga larga Og Wordmark en color negro<\/a>, o bien puedes optar por una <a href=\"https:\/\/www.oneill.cl\/polera-manga-larga-og-wordmark--cafe-claro\/p?skuId=20310\">alternativa en tonos caf\u00e9<\/a> para combinar f\u00e1cilmente con otros outfits.<\/p>\n\n\n\n<h3 class=\"wp-block-heading\">2. Capas intermedias<\/h3>\n\n\n\n<p>Estas prendas aportan abrigo adicional y ayudan a conservar el calor.<\/p>\n\n\n\n<p>Aqu\u00ed entran prendas como:<\/p>\n\n\n\n<ul class=\"wp-block-list\">\n<li>Poler\u00f3n<\/li>\n\n\n\n<li>Poler\u00f3n hoodie<\/li>\n\n\n\n<li>Poler\u00f3n polar<\/li>\n\n\n\n<li>Chiporros o fleece<\/li>\n<\/ul>\n\n\n\n<p>Puedes explorar distintas opciones de capas en nuestra <a href=\"https:\/\/www.oneill.cl\/519?map=productClusterIdS&amp;order=OrderByTopSaleDESC\">colecci\u00f3n de ropa de invierno<\/a>.<\/p>\n\n\n\n<h3 class=\"wp-block-heading\">3. Capa exterior<\/h3>\n\n\n\n<p>La \u00faltima capa protege del viento, la lluvia o el fr\u00edo m\u00e1s intenso. Esta capa se trata de chaquetas o parkas, las cu\u00e1les son clave para enfrentar los d\u00edas m\u00e1s fr\u00edos del invierno.<\/p>\n\n\n\n<p>Un ejemplo perfecto es nuestra <a href=\"https:\/\/www.oneill.cl\/parka-alpine-negro\/p?skuId=21909\">parka Alpine en color negro<\/a>, pensada especialmente para este tipo de ocasiones.<\/p>\n\n\n\n<h2 class=\"wp-block-heading\">C\u00f3mo vestirse por capas para enfrentar el fr\u00edo<\/h2>\n\n\n\n<p>El <strong>sistema de capas<\/strong> es el m\u00e9todo m\u00e1s eficiente para usar ropa de invierno.<\/p>\n\n\n\n<p>Este sistema funciona porque permite <strong>adaptarse a los cambios de temperatura durante el d\u00eda<\/strong>.<\/p>\n\n\n\n<p>Por ejemplo:<\/p>\n\n\n\n<ul class=\"wp-block-list\">\n<li>Ma\u00f1ana fr\u00eda: usas todas las capas<\/li>\n\n\n\n<li>Mediod\u00eda m\u00e1s templado: te sacas la chaqueta<\/li>\n\n\n\n<li>Tarde fr\u00eda nuevamente: vuelves a abrigarte<\/li>\n<\/ul>\n\n\n\n<p>Un ejemplo de combinaci\u00f3n efectiva:<\/p>\n\n\n\n<ul class=\"wp-block-list\">\n<li>Polera manga larga<\/li>\n\n\n\n<li>Poler\u00f3n hoodie o fleece<\/li>\n\n\n\n<li>Parka o chaqueta exterior<\/li>\n<\/ul>\n\n\n\n<p>Este sistema es muy usado en deportes outdoor y tambi\u00e9n funciona perfecto para el d\u00eda a d\u00eda en ciudades como Santiago o para escapadas a la costa.<\/p>\n\n\n\n<h2 class=\"wp-block-heading\">Polerones de invierno: comodidad y abrigo para el d\u00eda a d\u00eda<\/h2>\n\n\n\n<p>El <a href=\"https:\/\/www.oneill.cl\/465?map=productClusterIdS&amp;order=OrderByReleaseDateDESC\"><strong>poler\u00f3n<\/strong><\/a> es una de las prendas m\u00e1s vers\u00e1tiles dentro de la ropa de invierno.<\/p>\n\n\n\n<p>Funciona como capa intermedia y aporta:<\/p>\n\n\n\n<ul class=\"wp-block-list\">\n<li>Abrigo<\/li>\n\n\n\n<li>Comodidad<\/li>\n\n\n\n<li>Libertad de movimiento<\/li>\n<\/ul>\n\n\n\n<p>Cuando el fr\u00edo se vuelve m\u00e1s intenso, el <a href=\"https:\/\/www.oneill.cl\/chiporro-full-ziper-jaxson--rojo-oscuro\/p?skuId=20742\"><strong>poler\u00f3n chiporro<\/strong><\/a> aparece como uno de los favoritos.<\/p>\n\n\n\n<p>Este tipo de prenda destaca por su <strong>material tipo fleece<\/strong>, que atrapa el calor y genera una sensaci\u00f3n de abrigo muy c\u00f3moda.<\/p>\n\n\n\n<p>Entre sus ventajas:<\/p>\n\n\n\n<ul class=\"wp-block-list\">\n<li>Alta capacidad de abrigo<\/li>\n\n\n\n<li>Textura suave<\/li>\n\n\n\n<li>Comodidad para uso diario<\/li>\n<\/ul>\n\n\n\n<p>Incluso pueden usarse como <strong>capa intermedia debajo de una parka<\/strong> cuando el fr\u00edo es m\u00e1s fuerte.<\/p>\n\n\n\n<h2 class=\"wp-block-heading\">Chaquetas y parkas: la protecci\u00f3n exterior imprescindible<\/h2>\n\n\n\n<p>Dentro de la ropa de invierno, las <a href=\"https:\/\/www.oneill.cl\/504?map=productClusterIdS&amp;order=OrderByReleaseDateDESC\"><strong>chaquetas y parkas<\/strong><\/a> son probablemente las prendas m\u00e1s importantes.<\/p>\n\n\n\n<p>Su funci\u00f3n es proteger de:<\/p>\n\n\n\n<ul class=\"wp-block-list\">\n<li>Viento<\/li>\n\n\n\n<li>Fr\u00edo<\/li>\n\n\n\n<li>Lluvia ligera<\/li>\n\n\n\n<li>Cambios de temperatura<\/li>\n<\/ul>\n\n\n\n<p>Una buena parka puede marcar la diferencia en d\u00edas especialmente fr\u00edos. Adem\u00e1s, nuestras parkas est\u00e1n especialmente pensadas para <strong>mantener el calor sin perder movilidad<\/strong>.<\/p>\n\n\n\n<h2 class=\"wp-block-heading\">Pantalones y calcetines de invierno: detalles que marcan la diferencia<\/h2>\n\n\n\n<p>Muchas veces, al hablar de ropa de invierno se piensa solo en chaquetas o polerones, pero <strong>los pantalones y calcetines tambi\u00e9n influyen mucho en la sensaci\u00f3n de abrigo<\/strong>.<\/p>\n\n\n\n<p>Algunos consejos:<\/p>\n\n\n\n<ul class=\"wp-block-list\">\n<li><strong>Elige pantalones c\u00f3modos: <\/strong>los jeans, cargos o pantalones deportivos funcionan bien en invierno si se combinan con capas superiores abrigadas.<\/li>\n\n\n\n<li><strong>No descuides los calcetines: <\/strong>los pies suelen ser una de las zonas donde m\u00e1s se pierde calor. Usar buenos <a href=\"https:\/\/www.oneill.cl\/tripack-calcetines-sneaker-tripack-tricolor\/p?skuId=12191\">calcetines<\/a> ayuda a mantener el cuerpo abrigado durante el d\u00eda.<\/li>\n<\/ul>\n\n\n\n<h2 class=\"wp-block-heading\">Encuentra la ropa de invierno ideal para esta temporada<\/h2>\n\n\n\n<p>El invierno no tiene por qu\u00e9 limitar tus planes. Con la <strong>ropa de invierno adecuada<\/strong>, puedes disfrutar desde caminatas urbanas hasta escapadas a la costa o la monta\u00f1a.<\/p>\n\n\n\n<p>Elige prendas que combinen <strong>abrigo, comodidad y libertad de movimiento<\/strong>, y prep\u00e1rate para enfrentar el fr\u00edo con estilo.<\/p>\n\n\n\n<p>Descubre m\u00e1s polerones, parkas y capas dise\u00f1adas para el invierno en la <a href=\"https:\/\/www.oneill.cl\/\">tienda online de O&#8217;Neill<\/a> o bien encuentra tu <a href=\"https:\/\/www.oneill.cl\/tiendas\">tienda m\u00e1s cercana<\/a> y equ\u00edpate con las prendas perfectas para esta temporada.<\/p>\n\n\n\n<h2 class=\"wp-block-heading\">FAQs: Ropa de invierno<\/h2>\n\n\n\n<h3 class=\"wp-block-heading\">\u00bfQu\u00e9 prendas forman parte de la ropa de invierno?<\/h3>\n\n\n\n<p>Incluye poleras manga larga, polerones, chaquetas, parkas, pantalones abrigados y calcetines dise\u00f1ados para mantener el calor.<\/p>\n\n\n\n<h3 class=\"wp-block-heading\">\u00bfC\u00f3mo vestirse correctamente para el fr\u00edo?<\/h3>\n\n\n\n<p>La mejor forma es usar el sistema de capas: una capa base, una capa intermedia abrigada y una capa exterior protectora.<\/p>\n\n\n\n<h3 class=\"wp-block-heading\">\u00bfPara qu\u00e9 sirve un poler\u00f3n chiporro?<\/h3>\n\n\n\n<p>El poler\u00f3n chiporro entrega mayor abrigo gracias a su material tipo fleece, ideal para d\u00edas fr\u00edos o como capa intermedia.<\/p>\n\n\n\n<h3 class=\"wp-block-heading\">\u00bfLas parkas son mejores que las chaquetas para el invierno?<\/h3>\n\n\n\n<p>Depende del clima. Las parkas suelen ofrecer mayor abrigo para temperaturas bajas, mientras que las chaquetas livianas funcionan mejor en media estaci\u00f3n.<\/p>\n\n<script type=\"application\/ld+json\">\n{\n  \"@context\": \"https:\/\/schema.org\",\n  \"@type\": \"FAQPage\",\n  \"mainEntity\": [\n    {\n      \"@type\": \"Question\",\n      \"name\": \"\u00bfQu\u00e9 prendas forman parte de la ropa de invierno?\",\n      \"acceptedAnswer\": {\n        \"@type\": \"Answer\",\n        \"text\": \"Incluye poleras manga larga, polerones, chaquetas, parkas, pantalones abrigados y calcetines dise\u00f1ados para mantener el calor.\"\n      }\n    },\n    {\n      \"@type\": \"Question\",\n      \"name\": \"\u00bfC\u00f3mo vestirse correctamente para el fr\u00edo?\",\n      \"acceptedAnswer\": {\n        \"@type\": \"Answer\",\n        \"text\": \"La mejor forma es usar el sistema de capas: una capa base, una capa intermedia abrigada y una capa exterior protectora.\"\n      }\n    },\n    {\n      \"@type\": \"Question\",\n      \"name\": \"\u00bfPara qu\u00e9 sirve un poler\u00f3n chiporro?\",\n      \"acceptedAnswer\": {\n        \"@type\": \"Answer\",\n        \"text\": \"El poler\u00f3n chiporro entrega mayor abrigo gracias a su material tipo fleece, ideal para d\u00edas fr\u00edos o como capa intermedia.\"\n      }\n    },\n    {\n      \"@type\": \"Question\",\n      \"name\": \"\u00bfLas parkas son mejores que las chaquetas para el invierno?\",\n      \"acceptedAnswer\": {\n        \"@type\": \"Answer\",\n        \"text\": \"Depende del clima. Las parkas suelen ofrecer mayor abrigo para temperaturas bajas, mientras que las chaquetas livianas funcionan mejor en media estaci\u00f3n.\"\n      }\n    }\n  ]\n}\n<\/script>","protected":false},"excerpt":{"rendered":"<p>La temporada de invierno en Chile se vive distinto seg\u00fan el lugar. Puede ser una ma\u00f1ana helada en Santiago, viento costero en Pichilemu o temperaturas bajo cero camino a la cordillera. Pero en todos los casos hay algo en com\u00fan: necesitas ropa de invierno que realmente funcione. Vestirse bien para el fr\u00edo no significa usar [&hellip;]<\/p>\n","protected":false},"author":1,"featured_media":399,"comment_status":"open","ping_status":"closed","sticky":false,"template":"","format":"standard","meta":{"footnotes":""},"categories":[1],"tags":[],"class_list":["post-398","post","type-post","status-publish","format-standard","has-post-thumbnail","hentry","category-uncategorized"],"yoast_head":"<!-- This site is optimized with the Yoast SEO plugin v27.5 - https:\/\/yoast.com\/product\/yoast-seo-wordpress\/ -->\n<title>u\u00eda completa de ropa de invierno: c\u00f3mo vestirse para el fr\u00edo<\/title>\n<meta name=\"description\" content=\"Aprende c\u00f3mo elegir y combinar ropa de invierno para enfrentar el fr\u00edo en Chile con polerones, parkas y capas c\u00f3modas para el d\u00eda a d\u00eda.\" \/>\n<meta name=\"robots\" content=\"index, follow, max-snippet:-1, max-image-preview:large, max-video-preview:-1\" \/>\n<link rel=\"canonical\" href=\"https:\/\/blog.oneill.cl\/wordpress\/index.php\/2026\/04\/27\/guia-ropa-de-invierno-como-vestirse-frio\/\" \/>\n<meta property=\"og:locale\" content=\"es_ES\" \/>\n<meta property=\"og:type\" content=\"article\" \/>\n<meta property=\"og:title\" content=\"u\u00eda completa de ropa de invierno: c\u00f3mo vestirse para el fr\u00edo\" \/>\n<meta property=\"og:description\" content=\"Aprende c\u00f3mo elegir y combinar ropa de invierno para enfrentar el fr\u00edo en Chile con polerones, parkas y capas c\u00f3modas para el d\u00eda a d\u00eda.\" \/>\n<meta property=\"og:url\" content=\"https:\/\/blog.oneill.cl\/wordpress\/index.php\/2026\/04\/27\/guia-ropa-de-invierno-como-vestirse-frio\/\" \/>\n<meta property=\"og:site_name\" content=\"ONeill Bog\" \/>\n<meta property=\"article:publisher\" content=\"https:\/\/www.facebook.com\/OneillChile\/\" \/>\n<meta property=\"article:published_time\" content=\"2026-04-27T10:00:00+00:00\" \/>\n<meta property=\"og:image\" content=\"https:\/\/blog.oneill.cl\/wordpress\/wp-content\/uploads\/2026\/04\/guia-ropa-de-invierno-como-vestirse-frio.webp\" \/>\n\t<meta property=\"og:image:width\" content=\"1920\" \/>\n\t<meta property=\"og:image:height\" content=\"1280\" \/>\n\t<meta property=\"og:image:type\" content=\"image\/webp\" \/>\n<meta name=\"author\" content=\"admin\" \/>\n<meta name=\"twitter:card\" content=\"summary_large_image\" \/>\n<meta name=\"twitter:label1\" content=\"Escrito por\" \/>\n\t<meta name=\"twitter:data1\" content=\"admin\" \/>\n\t<meta name=\"twitter:label2\" content=\"Tiempo de lectura\" \/>\n\t<meta name=\"twitter:data2\" content=\"5 minutos\" \/>\n<script type=\"application\/ld+json\" class=\"yoast-schema-graph\">{\"@context\":\"https:\\\/\\\/schema.org\",\"@graph\":[{\"@type\":\"Article\",\"@id\":\"https:\\\/\\\/blog.oneill.cl\\\/wordpress\\\/index.php\\\/2026\\\/04\\\/27\\\/guia-ropa-de-invierno-como-vestirse-frio\\\/#article\",\"isPartOf\":{\"@id\":\"https:\\\/\\\/blog.oneill.cl\\\/wordpress\\\/index.php\\\/2026\\\/04\\\/27\\\/guia-ropa-de-invierno-como-vestirse-frio\\\/\"},\"author\":{\"name\":\"admin\",\"@id\":\"https:\\\/\\\/blog.oneill.cl\\\/wordpress\\\/#\\\/schema\\\/person\\\/eb24d11a498a2f5b3069031f49f2de1a\"},\"headline\":\"Gu\u00eda completa de ropa de invierno: c\u00f3mo vestirse para el fr\u00edo\",\"datePublished\":\"2026-04-27T10:00:00+00:00\",\"mainEntityOfPage\":{\"@id\":\"https:\\\/\\\/blog.oneill.cl\\\/wordpress\\\/index.php\\\/2026\\\/04\\\/27\\\/guia-ropa-de-invierno-como-vestirse-frio\\\/\"},\"wordCount\":1001,\"commentCount\":0,\"publisher\":{\"@id\":\"https:\\\/\\\/blog.oneill.cl\\\/wordpress\\\/#organization\"},\"image\":{\"@id\":\"https:\\\/\\\/blog.oneill.cl\\\/wordpress\\\/index.php\\\/2026\\\/04\\\/27\\\/guia-ropa-de-invierno-como-vestirse-frio\\\/#primaryimage\"},\"thumbnailUrl\":\"https:\\\/\\\/blog.oneill.cl\\\/wordpress\\\/wp-content\\\/uploads\\\/2026\\\/04\\\/guia-ropa-de-invierno-como-vestirse-frio.webp\",\"articleSection\":[\"Uncategorized\"],\"inLanguage\":\"es\",\"potentialAction\":[{\"@type\":\"CommentAction\",\"name\":\"Comment\",\"target\":[\"https:\\\/\\\/blog.oneill.cl\\\/wordpress\\\/index.php\\\/2026\\\/04\\\/27\\\/guia-ropa-de-invierno-como-vestirse-frio\\\/#respond\"]}]},{\"@type\":\"WebPage\",\"@id\":\"https:\\\/\\\/blog.oneill.cl\\\/wordpress\\\/index.php\\\/2026\\\/04\\\/27\\\/guia-ropa-de-invierno-como-vestirse-frio\\\/\",\"url\":\"https:\\\/\\\/blog.oneill.cl\\\/wordpress\\\/index.php\\\/2026\\\/04\\\/27\\\/guia-ropa-de-invierno-como-vestirse-frio\\\/\",\"name\":\"u\u00eda completa de ropa de invierno: c\u00f3mo vestirse para el fr\u00edo\",\"isPartOf\":{\"@id\":\"https:\\\/\\\/blog.oneill.cl\\\/wordpress\\\/#website\"},\"primaryImageOfPage\":{\"@id\":\"https:\\\/\\\/blog.oneill.cl\\\/wordpress\\\/index.php\\\/2026\\\/04\\\/27\\\/guia-ropa-de-invierno-como-vestirse-frio\\\/#primaryimage\"},\"image\":{\"@id\":\"https:\\\/\\\/blog.oneill.cl\\\/wordpress\\\/index.php\\\/2026\\\/04\\\/27\\\/guia-ropa-de-invierno-como-vestirse-frio\\\/#primaryimage\"},\"thumbnailUrl\":\"https:\\\/\\\/blog.oneill.cl\\\/wordpress\\\/wp-content\\\/uploads\\\/2026\\\/04\\\/guia-ropa-de-invierno-como-vestirse-frio.webp\",\"datePublished\":\"2026-04-27T10:00:00+00:00\",\"description\":\"Aprende c\u00f3mo elegir y combinar ropa de invierno para enfrentar el fr\u00edo en Chile con polerones, parkas y capas c\u00f3modas para el d\u00eda a d\u00eda.\",\"breadcrumb\":{\"@id\":\"https:\\\/\\\/blog.oneill.cl\\\/wordpress\\\/index.php\\\/2026\\\/04\\\/27\\\/guia-ropa-de-invierno-como-vestirse-frio\\\/#breadcrumb\"},\"inLanguage\":\"es\",\"potentialAction\":[{\"@type\":\"ReadAction\",\"target\":[\"https:\\\/\\\/blog.oneill.cl\\\/wordpress\\\/index.php\\\/2026\\\/04\\\/27\\\/guia-ropa-de-invierno-como-vestirse-frio\\\/\"]}]},{\"@type\":\"ImageObject\",\"inLanguage\":\"es\",\"@id\":\"https:\\\/\\\/blog.oneill.cl\\\/wordpress\\\/index.php\\\/2026\\\/04\\\/27\\\/guia-ropa-de-invierno-como-vestirse-frio\\\/#primaryimage\",\"url\":\"https:\\\/\\\/blog.oneill.cl\\\/wordpress\\\/wp-content\\\/uploads\\\/2026\\\/04\\\/guia-ropa-de-invierno-como-vestirse-frio.webp\",\"contentUrl\":\"https:\\\/\\\/blog.oneill.cl\\\/wordpress\\\/wp-content\\\/uploads\\\/2026\\\/04\\\/guia-ropa-de-invierno-como-vestirse-frio.webp\",\"width\":1920,\"height\":1280,\"caption\":\"Guia de ropa de invierno\"},{\"@type\":\"BreadcrumbList\",\"@id\":\"https:\\\/\\\/blog.oneill.cl\\\/wordpress\\\/index.php\\\/2026\\\/04\\\/27\\\/guia-ropa-de-invierno-como-vestirse-frio\\\/#breadcrumb\",\"itemListElement\":[{\"@type\":\"ListItem\",\"position\":1,\"name\":\"Portada\",\"item\":\"https:\\\/\\\/blog.oneill.cl\\\/wordpress\\\/\"},{\"@type\":\"ListItem\",\"position\":2,\"name\":\"Gu\u00eda completa de ropa de invierno: c\u00f3mo vestirse para el fr\u00edo\"}]},{\"@type\":\"WebSite\",\"@id\":\"https:\\\/\\\/blog.oneill.cl\\\/wordpress\\\/#website\",\"url\":\"https:\\\/\\\/blog.oneill.cl\\\/wordpress\\\/\",\"name\":\"O'Neill Blog\",\"description\":\"\",\"publisher\":{\"@id\":\"https:\\\/\\\/blog.oneill.cl\\\/wordpress\\\/#organization\"},\"potentialAction\":[{\"@type\":\"SearchAction\",\"target\":{\"@type\":\"EntryPoint\",\"urlTemplate\":\"https:\\\/\\\/blog.oneill.cl\\\/wordpress\\\/?s={search_term_string}\"},\"query-input\":{\"@type\":\"PropertyValueSpecification\",\"valueRequired\":true,\"valueName\":\"search_term_string\"}}],\"inLanguage\":\"es\"},{\"@type\":\"Organization\",\"@id\":\"https:\\\/\\\/blog.oneill.cl\\\/wordpress\\\/#organization\",\"name\":\"O'Neill\",\"url\":\"https:\\\/\\\/blog.oneill.cl\\\/wordpress\\\/\",\"logo\":{\"@type\":\"ImageObject\",\"inLanguage\":\"es\",\"@id\":\"https:\\\/\\\/blog.oneill.cl\\\/wordpress\\\/#\\\/schema\\\/logo\\\/image\\\/\",\"url\":\"https:\\\/\\\/blog.oneill.cl\\\/wordpress\\\/wp-content\\\/uploads\\\/2024\\\/12\\\/logo.png\",\"contentUrl\":\"https:\\\/\\\/blog.oneill.cl\\\/wordpress\\\/wp-content\\\/uploads\\\/2024\\\/12\\\/logo.png\",\"width\":1531,\"height\":531,\"caption\":\"O'Neill\"},\"image\":{\"@id\":\"https:\\\/\\\/blog.oneill.cl\\\/wordpress\\\/#\\\/schema\\\/logo\\\/image\\\/\"},\"sameAs\":[\"https:\\\/\\\/www.facebook.com\\\/OneillChile\\\/\",\"https:\\\/\\\/www.instagram.com\\\/oneillchile\\\/\",\"https:\\\/\\\/www.youtube.com\\\/channel\\\/UCKtNAb6a5iL27gvOQ7woRfQ\"]},{\"@type\":\"Person\",\"@id\":\"https:\\\/\\\/blog.oneill.cl\\\/wordpress\\\/#\\\/schema\\\/person\\\/eb24d11a498a2f5b3069031f49f2de1a\",\"name\":\"admin\",\"image\":{\"@type\":\"ImageObject\",\"inLanguage\":\"es\",\"@id\":\"https:\\\/\\\/secure.gravatar.com\\\/avatar\\\/a42132fa82aa79bc079fbe09df7ec0048a6695a6d6da23b1635998541170df78?s=96&d=mm&r=g\",\"url\":\"https:\\\/\\\/secure.gravatar.com\\\/avatar\\\/a42132fa82aa79bc079fbe09df7ec0048a6695a6d6da23b1635998541170df78?s=96&d=mm&r=g\",\"contentUrl\":\"https:\\\/\\\/secure.gravatar.com\\\/avatar\\\/a42132fa82aa79bc079fbe09df7ec0048a6695a6d6da23b1635998541170df78?s=96&d=mm&r=g\",\"caption\":\"admin\"},\"sameAs\":[\"https:\\\/\\\/blog.oneill.cl\\\/wordpress\"],\"url\":\"https:\\\/\\\/blog.oneill.cl\\\/wordpress\\\/index.php\\\/author\\\/known\\\/\"}]}<\/script>\n<!-- \/ Yoast SEO plugin. -->","yoast_head_json":{"title":"u\u00eda completa de ropa de invierno: c\u00f3mo vestirse para el fr\u00edo","description":"Aprende c\u00f3mo elegir y combinar ropa de invierno para enfrentar el fr\u00edo en Chile con polerones, parkas y capas c\u00f3modas para el d\u00eda a d\u00eda.","robots":{"index":"index","follow":"follow","max-snippet":"max-snippet:-1","max-image-preview":"max-image-preview:large","max-video-preview":"max-video-preview:-1"},"canonical":"https:\/\/blog.oneill.cl\/wordpress\/index.php\/2026\/04\/27\/guia-ropa-de-invierno-como-vestirse-frio\/","og_locale":"es_ES","og_type":"article","og_title":"u\u00eda completa de ropa de invierno: c\u00f3mo vestirse para el fr\u00edo","og_description":"Aprende c\u00f3mo elegir y combinar ropa de invierno para enfrentar el fr\u00edo en Chile con polerones, parkas y capas c\u00f3modas para el d\u00eda a d\u00eda.","og_url":"https:\/\/blog.oneill.cl\/wordpress\/index.php\/2026\/04\/27\/guia-ropa-de-invierno-como-vestirse-frio\/","og_site_name":"ONeill Bog","article_publisher":"https:\/\/www.facebook.com\/OneillChile\/","article_published_time":"2026-04-27T10:00:00+00:00","og_image":[{"width":1920,"height":1280,"url":"https:\/\/blog.oneill.cl\/wordpress\/wp-content\/uploads\/2026\/04\/guia-ropa-de-invierno-como-vestirse-frio.webp","type":"image\/webp"}],"author":"admin","twitter_card":"summary_large_image","twitter_misc":{"Escrito por":"admin","Tiempo de lectura":"5 minutos"},"schema":{"@context":"https:\/\/schema.org","@graph":[{"@type":"Article","@id":"https:\/\/blog.oneill.cl\/wordpress\/index.php\/2026\/04\/27\/guia-ropa-de-invierno-como-vestirse-frio\/#article","isPartOf":{"@id":"https:\/\/blog.oneill.cl\/wordpress\/index.php\/2026\/04\/27\/guia-ropa-de-invierno-como-vestirse-frio\/"},"author":{"name":"admin","@id":"https:\/\/blog.oneill.cl\/wordpress\/#\/schema\/person\/eb24d11a498a2f5b3069031f49f2de1a"},"headline":"Gu\u00eda completa de ropa de invierno: c\u00f3mo vestirse para el fr\u00edo","datePublished":"2026-04-27T10:00:00+00:00","mainEntityOfPage":{"@id":"https:\/\/blog.oneill.cl\/wordpress\/index.php\/2026\/04\/27\/guia-ropa-de-invierno-como-vestirse-frio\/"},"wordCount":1001,"commentCount":0,"publisher":{"@id":"https:\/\/blog.oneill.cl\/wordpress\/#organization"},"image":{"@id":"https:\/\/blog.oneill.cl\/wordpress\/index.php\/2026\/04\/27\/guia-ropa-de-invierno-como-vestirse-frio\/#primaryimage"},"thumbnailUrl":"https:\/\/blog.oneill.cl\/wordpress\/wp-content\/uploads\/2026\/04\/guia-ropa-de-invierno-como-vestirse-frio.webp","articleSection":["Uncategorized"],"inLanguage":"es","potentialAction":[{"@type":"CommentAction","name":"Comment","target":["https:\/\/blog.oneill.cl\/wordpress\/index.php\/2026\/04\/27\/guia-ropa-de-invierno-como-vestirse-frio\/#respond"]}]},{"@type":"WebPage","@id":"https:\/\/blog.oneill.cl\/wordpress\/index.php\/2026\/04\/27\/guia-ropa-de-invierno-como-vestirse-frio\/","url":"https:\/\/blog.oneill.cl\/wordpress\/index.php\/2026\/04\/27\/guia-ropa-de-invierno-como-vestirse-frio\/","name":"u\u00eda completa de ropa de invierno: c\u00f3mo vestirse para el fr\u00edo","isPartOf":{"@id":"https:\/\/blog.oneill.cl\/wordpress\/#website"},"primaryImageOfPage":{"@id":"https:\/\/blog.oneill.cl\/wordpress\/index.php\/2026\/04\/27\/guia-ropa-de-invierno-como-vestirse-frio\/#primaryimage"},"image":{"@id":"https:\/\/blog.oneill.cl\/wordpress\/index.php\/2026\/04\/27\/guia-ropa-de-invierno-como-vestirse-frio\/#primaryimage"},"thumbnailUrl":"https:\/\/blog.oneill.cl\/wordpress\/wp-content\/uploads\/2026\/04\/guia-ropa-de-invierno-como-vestirse-frio.webp","datePublished":"2026-04-27T10:00:00+00:00","description":"Aprende c\u00f3mo elegir y combinar ropa de invierno para enfrentar el fr\u00edo en Chile con polerones, parkas y capas c\u00f3modas para el d\u00eda a d\u00eda.","breadcrumb":{"@id":"https:\/\/blog.oneill.cl\/wordpress\/index.php\/2026\/04\/27\/guia-ropa-de-invierno-como-vestirse-frio\/#breadcrumb"},"inLanguage":"es","potentialAction":[{"@type":"ReadAction","target":["https:\/\/blog.oneill.cl\/wordpress\/index.php\/2026\/04\/27\/guia-ropa-de-invierno-como-vestirse-frio\/"]}]},{"@type":"ImageObject","inLanguage":"es","@id":"https:\/\/blog.oneill.cl\/wordpress\/index.php\/2026\/04\/27\/guia-ropa-de-invierno-como-vestirse-frio\/#primaryimage","url":"https:\/\/blog.oneill.cl\/wordpress\/wp-content\/uploads\/2026\/04\/guia-ropa-de-invierno-como-vestirse-frio.webp","contentUrl":"https:\/\/blog.oneill.cl\/wordpress\/wp-content\/uploads\/2026\/04\/guia-ropa-de-invierno-como-vestirse-frio.webp","width":1920,"height":1280,"caption":"Guia de ropa de invierno"},{"@type":"BreadcrumbList","@id":"https:\/\/blog.oneill.cl\/wordpress\/index.php\/2026\/04\/27\/guia-ropa-de-invierno-como-vestirse-frio\/#breadcrumb","itemListElement":[{"@type":"ListItem","position":1,"name":"Portada","item":"https:\/\/blog.oneill.cl\/wordpress\/"},{"@type":"ListItem","position":2,"name":"Gu\u00eda completa de ropa de invierno: c\u00f3mo vestirse para el fr\u00edo"}]},{"@type":"WebSite","@id":"https:\/\/blog.oneill.cl\/wordpress\/#website","url":"https:\/\/blog.oneill.cl\/wordpress\/","name":"O'Neill Blog","description":"","publisher":{"@id":"https:\/\/blog.oneill.cl\/wordpress\/#organization"},"potentialAction":[{"@type":"SearchAction","target":{"@type":"EntryPoint","urlTemplate":"https:\/\/blog.oneill.cl\/wordpress\/?s={search_term_string}"},"query-input":{"@type":"PropertyValueSpecification","valueRequired":true,"valueName":"search_term_string"}}],"inLanguage":"es"},{"@type":"Organization","@id":"https:\/\/blog.oneill.cl\/wordpress\/#organization","name":"O'Neill","url":"https:\/\/blog.oneill.cl\/wordpress\/","logo":{"@type":"ImageObject","inLanguage":"es","@id":"https:\/\/blog.oneill.cl\/wordpress\/#\/schema\/logo\/image\/","url":"https:\/\/blog.oneill.cl\/wordpress\/wp-content\/uploads\/2024\/12\/logo.png","contentUrl":"https:\/\/blog.oneill.cl\/wordpress\/wp-content\/uploads\/2024\/12\/logo.png","width":1531,"height":531,"caption":"O'Neill"},"image":{"@id":"https:\/\/blog.oneill.cl\/wordpress\/#\/schema\/logo\/image\/"},"sameAs":["https:\/\/www.facebook.com\/OneillChile\/","https:\/\/www.instagram.com\/oneillchile\/","https:\/\/www.youtube.com\/channel\/UCKtNAb6a5iL27gvOQ7woRfQ"]},{"@type":"Person","@id":"https:\/\/blog.oneill.cl\/wordpress\/#\/schema\/person\/eb24d11a498a2f5b3069031f49f2de1a","name":"admin","image":{"@type":"ImageObject","inLanguage":"es","@id":"https:\/\/secure.gravatar.com\/avatar\/a42132fa82aa79bc079fbe09df7ec0048a6695a6d6da23b1635998541170df78?s=96&d=mm&r=g","url":"https:\/\/secure.gravatar.com\/avatar\/a42132fa82aa79bc079fbe09df7ec0048a6695a6d6da23b1635998541170df78?s=96&d=mm&r=g","contentUrl":"https:\/\/secure.gravatar.com\/avatar\/a42132fa82aa79bc079fbe09df7ec0048a6695a6d6da23b1635998541170df78?s=96&d=mm&r=g","caption":"admin"},"sameAs":["https:\/\/blog.oneill.cl\/wordpress"],"url":"https:\/\/blog.oneill.cl\/wordpress\/index.php\/author\/known\/"}]}},"_links":{"self":[{"href":"https:\/\/blog.oneill.cl\/wordpress\/index.php\/wp-json\/wp\/v2\/posts\/398","targetHints":{"allow":["GET"]}}],"collection":[{"href":"https:\/\/blog.oneill.cl\/wordpress\/index.php\/wp-json\/wp\/v2\/posts"}],"about":[{"href":"https:\/\/blog.oneill.cl\/wordpress\/index.php\/wp-json\/wp\/v2\/types\/post"}],"author":[{"embeddable":true,"href":"https:\/\/blog.oneill.cl\/wordpress\/index.php\/wp-json\/wp\/v2\/users\/1"}],"replies":[{"embeddable":true,"href":"https:\/\/blog.oneill.cl\/wordpress\/index.php\/wp-json\/wp\/v2\/comments?post=398"}],"version-history":[{"count":1,"href":"https:\/\/blog.oneill.cl\/wordpress\/index.php\/wp-json\/wp\/v2\/posts\/398\/revisions"}],"predecessor-version":[{"id":400,"href":"https:\/\/blog.oneill.cl\/wordpress\/index.php\/wp-json\/wp\/v2\/posts\/398\/revisions\/400"}],"wp:featuredmedia":[{"embeddable":true,"href":"https:\/\/blog.oneill.cl\/wordpress\/index.php\/wp-json\/wp\/v2\/media\/399"}],"wp:attachment":[{"href":"https:\/\/blog.oneill.cl\/wordpress\/index.php\/wp-json\/wp\/v2\/media?parent=398"}],"wp:term":[{"taxonomy":"category","embeddable":true,"href":"https:\/\/blog.oneill.cl\/wordpress\/index.php\/wp-json\/wp\/v2\/categories?post=398"},{"taxonomy":"post_tag","embeddable":true,"href":"https:\/\/blog.oneill.cl\/wordpress\/index.php\/wp-json\/wp\/v2\/tags?post=398"}],"curies":[{"name":"wp","href":"https:\/\/api.w.org\/{rel}","templated":true}]}}